{"id":58666,"date":"2025-01-30T10:00:38","date_gmt":"2025-01-30T13:00:38","guid":{"rendered":"https:\/\/infovera.com.ar\/web\/?p=58666"},"modified":"2025-01-30T17:47:42","modified_gmt":"2025-01-30T20:47:42","slug":"cronograma-de-pago-de-haberes-de-enero-a-trabajadores-provinciales","status":"publish","type":"post","link":"https:\/\/infovera.com.ar\/web\/2025\/01\/30\/cronograma-de-pago-de-haberes-de-enero-a-trabajadores-provinciales\/","title":{"rendered":"Cronograma de pago de haberes de enero a trabajadores provinciales"},"content":{"rendered":"<p>El Gobierno de la Provincia de Santa Fe, a trav\u00e9s del Ministerio de Econom\u00eda, informa que los trabajadores p\u00fablicos percibir\u00e1n sus salarios desde el lunes 3 de febrero hasta el viernes 7.<\/p>\n<p>El Gobierno provincial, a trav\u00e9s del Ministerio de Econom\u00eda, inform\u00f3 que los haberes del mes de enero se percibir\u00e1n a partir del lunes 3 de enero hasta el viernes 7. Los pasivos a los que les corresponde percibir un monto de bolsillo de hasta $ 887.000, junto con el escalaf\u00f3n policial y penitenciario, ver\u00e1n acreditado sus haberes en cuenta el s\u00e1bado 1.<\/p>\n<p>*Lunes 3 de febrero* _(acreditaci\u00f3n en cuenta s\u00e1bado 1 de febrero)_<\/p>\n<p>* Pasivos a los que les corresponde percibir un monto de bolsillo de hasta $ 887.000.<br \/>\n* Escalaf\u00f3n Policial y Penitenciario.<\/p>\n<p>*Martes 4 de febrero*<\/p>\n<p>* Activos a los que les corresponde percibir un monto de bolsillo de hasta $ 843.000.<br \/>\n* Docentes de Escuelas Privadas Transferidas 1\u00b0 y 2\u00b0 Convenio.<\/p>\n<p>*Mi\u00e9rcoles 5 de febrero*<\/p>\n<p>* Resto de Activos a los que les corresponde percibir un monto de bolsillo superior a $843.000.<br \/>\n* Docentes de Escuelas Privadas Hist\u00f3ricas.<\/p>\n<p>*Jueves 6 de febrero*<\/p>\n<p>* Resto de Pasivos a los que les corresponde percibir un monto de bolsillo superior a los $887.000.<\/p>\n<p>*Viernes 7 de febrero*<\/p>\n<p>* Autoridades Superiores del Poder Judicial, Poder Legislativo y Poder Ejecutivo.<\/p>\n","protected":false},"excerpt":{"rendered":"<p>El Gobierno de la Provincia de Santa Fe, a trav\u00e9s del Ministerio de Econom\u00eda, informa que los trabajadores p\u00fablicos percibir\u00e1n sus salarios desde el lunes 3 de febrero hasta el viernes 7. El Gobierno provincial, a trav\u00e9s del Ministerio de Econom\u00eda, inform\u00f3 que los haberes del mes de enero se percibir\u00e1n a partir del lunes [&hellip;]<\/p>\n","protected":false},"author":3,"featured_media":0,"comment_status":"closed","ping_status":"closed","sticky":false,"template":"","format":"standard","meta":{"_joinchat":[],"footnotes":""},"categories":[60],"tags":[],"class_list":{"0":"post-58666","1":"post","2":"type-post","3":"status-publish","4":"format-standard","6":"category-provinciales"},"_links":{"self":[{"href":"https:\/\/infovera.com.ar\/web\/wp-json\/wp\/v2\/posts\/58666","targetHints":{"allow":["GET"]}}],"collection":[{"href":"https:\/\/infovera.com.ar\/web\/wp-json\/wp\/v2\/posts"}],"about":[{"href":"https:\/\/infovera.com.ar\/web\/wp-json\/wp\/v2\/types\/post"}],"author":[{"embeddable":true,"href":"https:\/\/infovera.com.ar\/web\/wp-json\/wp\/v2\/users\/3"}],"replies":[{"embeddable":true,"href":"https:\/\/infovera.com.ar\/web\/wp-json\/wp\/v2\/comments?post=58666"}],"version-history":[{"count":0,"href":"https:\/\/infovera.com.ar\/web\/wp-json\/wp\/v2\/posts\/58666\/revisions"}],"wp:attachment":[{"href":"https:\/\/infovera.com.ar\/web\/wp-json\/wp\/v2\/media?parent=58666"}],"wp:term":[{"taxonomy":"category","embeddable":true,"href":"https:\/\/infovera.com.ar\/web\/wp-json\/wp\/v2\/categories?post=58666"},{"taxonomy":"post_tag","embeddable":true,"href":"https:\/\/infovera.com.ar\/web\/wp-json\/wp\/v2\/tags?post=58666"}],"curies":[{"name":"wp","href":"https:\/\/api.w.org\/{rel}","templated":true}]}}