{"id":58662,"date":"2025-01-29T12:21:37","date_gmt":"2025-01-29T15:21:37","guid":{"rendered":"https:\/\/infovera.com.ar\/web\/?p=58662"},"modified":"2025-01-29T12:25:27","modified_gmt":"2025-01-29T15:25:27","slug":"pullaro-le-respondio-a-mercado-libre-y-acuso-a-la-fintech-de-vender-en-negro","status":"publish","type":"post","link":"https:\/\/infovera.com.ar\/web\/2025\/01\/29\/pullaro-le-respondio-a-mercado-libre-y-acuso-a-la-fintech-de-vender-en-negro\/","title":{"rendered":"Pullaro le respondi\u00f3 a Mercado Libre y acus\u00f3 a las fintech de &#8220;vender en negro&#8221;"},"content":{"rendered":"<p>\u201cNo negociamos el orden y la eficiencia. Ni tampoco toleramos aprietes\u201d, advirti\u00f3 el gobernador, ante la situaci\u00f3n de las plataformas digitales que operan en la provincia. Respecto a las operaciones en negro (se detectaron 40.000 solo en diciembre por una sola plataforma), el mandatario asegur\u00f3 que \u201cse protege a los que pagan los impuestos. Y si le molesta a Marcos Galperin -titular de Mercado Libre-, lo siento\u201d.<\/p>\n<p>El gobernador de Santa Fe, Maximiliano Pullaro, se refiri\u00f3 este mi\u00e9rcoles al pedido que realizaron en las \u00faltimas horas desde el sector fintech, con Mercado Libre a la cabeza, por los tributos que deben pagar en la provincia. Durante el acto de firma de inicio de la obra para la pavimentaci\u00f3n de la Avenida Pe\u00f1aloza en la ciudad de Santa Fe, Pullaro asegur\u00f3 que su gobierno \u201cno negocia el orden y la eficiencia, y no toleramos aprietes\u201d, dijo, en alusi\u00f3n al mensaje publicado en las redes sociales de Mercado Libre.<\/p>\n<p>\u201cAc\u00e1 no hay suba de impuestos, lo que no queremos es que sigan ganando de manera desleal los que venden en negro y hacen bicicleta financiera\u201d, afirm\u00f3 el mandatario. \u201cLo que hace la Provincia de Santa Fe es cobrar impuesto a operaciones que se hac\u00edan negro. No estamos aumentando ninguna alicuota\u201d -asegur\u00f3- refiri\u00e9ndose a que en diciembre, en la plataforma de ventas online m\u00e1s grande del pa\u00eds, se detectaron casi 40.000 operaciones en negro en materia tributaria provincial. Y en ese orden recalc\u00f3 que \u201cno intenten mentirle a la Rep\u00fablica Argentina: en la provincia de Santa Fe no va a haber operaciones en negro; se va a recaudar y se va a proteger a los que pagan los impuestos. Y si le molesta a Marcos Galperin, si le molesta a Mercado Libre, lo siento\u201d, se\u00f1al\u00f3 Pullaro, quien a su vez reivindic\u00f3: \u201cCon Santa Fe, no\u201d.<\/p>\n<p>El gobernador recalc\u00f3 que \u201csi detectamos operaciones en negro que generan competencia desleal, desde un garaje donde se comercializan diferentes productos, generando ventajas sobre muchas personas que pagan impuestos, que tienen un local habilitado, la provincia tiene que actuar\u201d. \u201cSi no lo hacemos, desprotegemos a tantos comerciantes que de manera desleal est\u00e1n perdiendo. Y despu\u00e9s, por supuesto, le vamos a cobrar impuesto a la bicicleta financiera, a ese delay, entre lo que es la acreditaci\u00f3n y lo que es el saldo de las cuentas\u201d, agreg\u00f3.<\/p>\n<p>Por \u00faltimo, Pullaro se\u00f1al\u00f3 que lo que se recauda en la provincia \u201cva a la obra p\u00fablica\u201d y record\u00f3 que Santa Fe \u201ces la \u00fanica provincia que est\u00e1 llevando adelante obra p\u00fablica y el a\u00f1o pasado pusimos 500 millones de d\u00f3lares y este a\u00f1o vamos a poner 1.500 millones de d\u00f3lares m\u00e1s que lo que va a poner el Estado Nacional y m\u00e1s que lo que va a poner cualquier provincia de la Rep\u00fablica Argentina\u201d.<\/p>\n","protected":false},"excerpt":{"rendered":"<p>\u201cNo negociamos el orden y la eficiencia. Ni tampoco toleramos aprietes\u201d, advirti\u00f3 el gobernador, ante la situaci\u00f3n de las plataformas digitales que operan en la provincia. Respecto a las operaciones en negro (se detectaron 40.000 solo en diciembre por una sola plataforma), el mandatario asegur\u00f3 que \u201cse protege a los que pagan los impuestos. Y [&hellip;]<\/p>\n","protected":false},"author":3,"featured_media":58663,"comment_status":"closed","ping_status":"closed","sticky":false,"template":"","format":"standard","meta":{"_joinchat":[],"footnotes":""},"categories":[66,60],"tags":[],"class_list":{"0":"post-58662","1":"post","2":"type-post","3":"status-publish","4":"format-standard","5":"has-post-thumbnail","7":"category-politica","8":"category-provinciales"},"_links":{"self":[{"href":"https:\/\/infovera.com.ar\/web\/wp-json\/wp\/v2\/posts\/58662","targetHints":{"allow":["GET"]}}],"collection":[{"href":"https:\/\/infovera.com.ar\/web\/wp-json\/wp\/v2\/posts"}],"about":[{"href":"https:\/\/infovera.com.ar\/web\/wp-json\/wp\/v2\/types\/post"}],"author":[{"embeddable":true,"href":"https:\/\/infovera.com.ar\/web\/wp-json\/wp\/v2\/users\/3"}],"replies":[{"embeddable":true,"href":"https:\/\/infovera.com.ar\/web\/wp-json\/wp\/v2\/comments?post=58662"}],"version-history":[{"count":0,"href":"https:\/\/infovera.com.ar\/web\/wp-json\/wp\/v2\/posts\/58662\/revisions"}],"wp:featuredmedia":[{"embeddable":true,"href":"https:\/\/infovera.com.ar\/web\/wp-json\/wp\/v2\/media\/58663"}],"wp:attachment":[{"href":"https:\/\/infovera.com.ar\/web\/wp-json\/wp\/v2\/media?parent=58662"}],"wp:term":[{"taxonomy":"category","embeddable":true,"href":"https:\/\/infovera.com.ar\/web\/wp-json\/wp\/v2\/categories?post=58662"},{"taxonomy":"post_tag","embeddable":true,"href":"https:\/\/infovera.com.ar\/web\/wp-json\/wp\/v2\/tags?post=58662"}],"curies":[{"name":"wp","href":"https:\/\/api.w.org\/{rel}","templated":true}]}}