{"id":58659,"date":"2025-01-29T12:16:41","date_gmt":"2025-01-29T15:16:41","guid":{"rendered":"https:\/\/infovera.com.ar\/web\/?p=58659"},"modified":"2025-01-29T12:16:41","modified_gmt":"2025-01-29T15:16:41","slug":"convenio-de-promocion-turistica-con-el-partido-de-la-costa","status":"publish","type":"post","link":"https:\/\/infovera.com.ar\/web\/2025\/01\/29\/convenio-de-promocion-turistica-con-el-partido-de-la-costa\/","title":{"rendered":"Convenio de promoci\u00f3n tur\u00edstica con el Partido de la Costa"},"content":{"rendered":"<p>La intendente Paula Mitre junto a su par Juan de Jes\u00fas mantuvieron una reuni\u00f3n en la Municipalidad del Partido de la Costa, donde dialogaron acerca de la ciudad de Vera y los atractivos que ofrece.<\/p>\n<p>En este encuentro firmaron un Convenio de Promoci\u00f3n Tur\u00edstica, documento que impulsa el hermanamiento entre ambos municipios, para fomentar lazos sociales y culturales que favorezcan tanto a los verenses como a los habitantes del Partido de la Costa.<\/p>\n","protected":false},"excerpt":{"rendered":"<p>La intendente Paula Mitre junto a su par Juan de Jes\u00fas mantuvieron una reuni\u00f3n en la Municipalidad del Partido de la Costa, donde dialogaron acerca de la ciudad de Vera y los atractivos que ofrece. En este encuentro firmaron un Convenio de Promoci\u00f3n Tur\u00edstica, documento que impulsa el hermanamiento entre ambos municipios, para fomentar lazos [&hellip;]<\/p>\n","protected":false},"author":3,"featured_media":58660,"comment_status":"closed","ping_status":"closed","sticky":false,"template":"","format":"standard","meta":{"_joinchat":[],"footnotes":""},"categories":[36,44,53],"tags":[],"class_list":{"0":"post-58659","1":"post","2":"type-post","3":"status-publish","4":"format-standard","5":"has-post-thumbnail","7":"category-sociedad","8":"category-turismo","9":"category-vera"},"_links":{"self":[{"href":"https:\/\/infovera.com.ar\/web\/wp-json\/wp\/v2\/posts\/58659","targetHints":{"allow":["GET"]}}],"collection":[{"href":"https:\/\/infovera.com.ar\/web\/wp-json\/wp\/v2\/posts"}],"about":[{"href":"https:\/\/infovera.com.ar\/web\/wp-json\/wp\/v2\/types\/post"}],"author":[{"embeddable":true,"href":"https:\/\/infovera.com.ar\/web\/wp-json\/wp\/v2\/users\/3"}],"replies":[{"embeddable":true,"href":"https:\/\/infovera.com.ar\/web\/wp-json\/wp\/v2\/comments?post=58659"}],"version-history":[{"count":0,"href":"https:\/\/infovera.com.ar\/web\/wp-json\/wp\/v2\/posts\/58659\/revisions"}],"wp:featuredmedia":[{"embeddable":true,"href":"https:\/\/infovera.com.ar\/web\/wp-json\/wp\/v2\/media\/58660"}],"wp:attachment":[{"href":"https:\/\/infovera.com.ar\/web\/wp-json\/wp\/v2\/media?parent=58659"}],"wp:term":[{"taxonomy":"category","embeddable":true,"href":"https:\/\/infovera.com.ar\/web\/wp-json\/wp\/v2\/categories?post=58659"},{"taxonomy":"post_tag","embeddable":true,"href":"https:\/\/infovera.com.ar\/web\/wp-json\/wp\/v2\/tags?post=58659"}],"curies":[{"name":"wp","href":"https:\/\/api.w.org\/{rel}","templated":true}]}}