{"id":58656,"date":"2025-01-29T12:12:16","date_gmt":"2025-01-29T15:12:16","guid":{"rendered":"https:\/\/infovera.com.ar\/web\/?p=58656"},"modified":"2025-01-29T12:12:16","modified_gmt":"2025-01-29T15:12:16","slug":"avellaneda-aprehendieron-al-conductor-de-un-auto-que-circulaba-sin-papeles","status":"publish","type":"post","link":"https:\/\/infovera.com.ar\/web\/2025\/01\/29\/avellaneda-aprehendieron-al-conductor-de-un-auto-que-circulaba-sin-papeles\/","title":{"rendered":"Avellaneda: aprehendieron al conductor de un auto que circulaba sin papeles"},"content":{"rendered":"<p>Adem\u00e1s, el sujeto fue notificado por resistencia a la autoridad, ya que intent\u00f3 darse a la fuga al momento de la identificaci\u00f3n.<\/p>\n<p>El mi\u00e9rcoles a la madrugada, personal policial de la Unidad Operativa Regional 1 (Reconquista) de la Direcci\u00f3n General de Polic\u00eda de Seguridad Vial realizaba operativo vehicular en Ruta Nacional N\u00b0 11 km 790,5 cuando intent\u00f3 identificar un autom\u00f3vil para su fiscalizaci\u00f3n.<\/p>\n<p>En esos momentos, los efectivos realizaron se\u00f1ales de detenci\u00f3n y el conductor hizo caso omiso, para luego emprender la huida y cruzar sem\u00e1foros en rojo. Raz\u00f3n por la cual, los uniformados iniciaron un seguimiento controlado y luego de un r\u00e1pido accionar, lograron interceptar el veh\u00edculo en RN 11 y su intersecci\u00f3n con calle 21 de la ciudad de Avellaneda. En continuidad, lo identificaron y al solicitarle la documentaci\u00f3n para circular constataron que el mismo carec\u00eda de tal.<\/p>\n<p>Luego y en colaboraci\u00f3n con personal de tr\u00e1nsito de la ciudad de Reconquista, le practicaron un Test de Alcoholemia, y arroj\u00f3 un resultado positivo no sancionable 0,31 G\/L en sangre. Finalmente, le dieron conocimiento al Fiscal de turno y procedieron a la aprehensi\u00f3n del sujeto y posterior traslado a la Comisar\u00eda 3ra de la UR IX, con sede en Avellaneda.<\/p>\n","protected":false},"excerpt":{"rendered":"<p>Adem\u00e1s, el sujeto fue notificado por resistencia a la autoridad, ya que intent\u00f3 darse a la fuga al momento de la identificaci\u00f3n. El mi\u00e9rcoles a la madrugada, personal policial de la Unidad Operativa Regional 1 (Reconquista) de la Direcci\u00f3n General de Polic\u00eda de Seguridad Vial realizaba operativo vehicular en Ruta Nacional N\u00b0 11 km 790,5 [&hellip;]<\/p>\n","protected":false},"author":3,"featured_media":58657,"comment_status":"closed","ping_status":"closed","sticky":false,"template":"","format":"standard","meta":{"_joinchat":[],"footnotes":""},"categories":[30,61],"tags":[],"class_list":{"0":"post-58656","1":"post","2":"type-post","3":"status-publish","4":"format-standard","5":"has-post-thumbnail","7":"category-policiales","8":"category-regionales"},"_links":{"self":[{"href":"https:\/\/infovera.com.ar\/web\/wp-json\/wp\/v2\/posts\/58656","targetHints":{"allow":["GET"]}}],"collection":[{"href":"https:\/\/infovera.com.ar\/web\/wp-json\/wp\/v2\/posts"}],"about":[{"href":"https:\/\/infovera.com.ar\/web\/wp-json\/wp\/v2\/types\/post"}],"author":[{"embeddable":true,"href":"https:\/\/infovera.com.ar\/web\/wp-json\/wp\/v2\/users\/3"}],"replies":[{"embeddable":true,"href":"https:\/\/infovera.com.ar\/web\/wp-json\/wp\/v2\/comments?post=58656"}],"version-history":[{"count":0,"href":"https:\/\/infovera.com.ar\/web\/wp-json\/wp\/v2\/posts\/58656\/revisions"}],"wp:featuredmedia":[{"embeddable":true,"href":"https:\/\/infovera.com.ar\/web\/wp-json\/wp\/v2\/media\/58657"}],"wp:attachment":[{"href":"https:\/\/infovera.com.ar\/web\/wp-json\/wp\/v2\/media?parent=58656"}],"wp:term":[{"taxonomy":"category","embeddable":true,"href":"https:\/\/infovera.com.ar\/web\/wp-json\/wp\/v2\/categories?post=58656"},{"taxonomy":"post_tag","embeddable":true,"href":"https:\/\/infovera.com.ar\/web\/wp-json\/wp\/v2\/tags?post=58656"}],"curies":[{"name":"wp","href":"https:\/\/api.w.org\/{rel}","templated":true}]}}