{"id":58576,"date":"2025-01-23T09:45:09","date_gmt":"2025-01-23T12:45:09","guid":{"rendered":"https:\/\/infovera.com.ar\/web\/?p=58576"},"modified":"2025-01-23T09:45:09","modified_gmt":"2025-01-23T12:45:09","slug":"rechazaron-un-pedido-de-morigeracion-de-las-medidas-cautelares-impuestas-a-uno-de-los-abogados-investigados-por-amenazas-coactivas","status":"publish","type":"post","link":"https:\/\/infovera.com.ar\/web\/2025\/01\/23\/rechazaron-un-pedido-de-morigeracion-de-las-medidas-cautelares-impuestas-a-uno-de-los-abogados-investigados-por-amenazas-coactivas\/","title":{"rendered":"Rechazaron un pedido de morigeraci\u00f3n de las medidas cautelares impuestas a uno de los abogados investigados por amenazas coactivas"},"content":{"rendered":"<p>La Defensa present\u00f3 un video al que consider\u00f3 como nueva evidencia. El fiscal Sebasti\u00e1n Marichal se opuso al planteo y argument\u00f3 que \u201cdesde que se inici\u00f3 la investigaci\u00f3n se hizo menci\u00f3n a ese video\u201d. El juez Santiago Banegas resolvi\u00f3 no hacer lugar al planteo defensivo.<\/p>\n<p>Fue rechazado un pedido de morigeraci\u00f3n de las medidas cautelares impuestas al abogado de 25 a\u00f1os de iniciales RRD en el marco de una investigaci\u00f3n en la que est\u00e1 imputado como coautor de amenazas coactivas cometidas en Reconquista en perjuicio de la madre de una v\u00edctima de delitos contra la integridad sexual.<\/p>\n<p>La decisi\u00f3n de no hacer lugar al pedido de la Defensa del letrado Ricardo Rub\u00e9n Degoumois fue tomada por el juez Santiago Banegas en una audiencia que se llev\u00f3 a cabo esta ma\u00f1ana en los tribunales reconquistenses.<\/p>\n<p>El fiscal que represent\u00f3 al MPA en la audiencia fue Sebasti\u00e1n Marichal.<\/p>\n<p>\u201cLa Defensa del imputado present\u00f3 un video al que consider\u00f3 evidencia nueva\u201d, inform\u00f3 Marichal y agreg\u00f3 que \u201cen funci\u00f3n de ello, solicit\u00f3 que se morigeren la mayor\u00eda de las normas de conducta impuestas, entre ellas, la prohibici\u00f3n de salir\u00a0del pa\u00eds\u00a0y de la\u00a0provincia de Santa Fe, y la fianza constituida\u201d.<\/p>\n<p>El funcionario del MPA sostuvo que \u201cel C\u00f3digo Procesal Penal establece que para pedir una modificaci\u00f3n de las cautelares impuestas debe haber alg\u00fan elemento sobreviniente\u201d y argument\u00f3 que \u201cdesde que se inici\u00f3 la investigaci\u00f3n se hizo menci\u00f3n a ese video, por lo tanto, no es nuevo en el legajo\u201d.<\/p>\n<p>\u201cAdem\u00e1s, la grabaci\u00f3n es muy breve y no muestra lo que ocurri\u00f3 antes ni lo que pas\u00f3 despu\u00e9s\u201d, reforz\u00f3 el fiscal.<\/p>\n<p>Marichal concluy\u00f3 que \u201cen l\u00ednea con nuestros argumentos, el juez entendi\u00f3 que no es una evidencia que haga variar la cuesti\u00f3n cautelar, consider\u00f3 que no hay razones para modificar las normas de conducta impuestas y resolvi\u00f3 rechazar la solicitud de morigeraci\u00f3n\u201d.<\/p>\n","protected":false},"excerpt":{"rendered":"<p>La Defensa present\u00f3 un video al que consider\u00f3 como nueva evidencia. El fiscal Sebasti\u00e1n Marichal se opuso al planteo y argument\u00f3 que \u201cdesde que se inici\u00f3 la investigaci\u00f3n se hizo menci\u00f3n a ese video\u201d. El juez Santiago Banegas resolvi\u00f3 no hacer lugar al planteo defensivo. Fue rechazado un pedido de morigeraci\u00f3n de las medidas cautelares [&hellip;]<\/p>\n","protected":false},"author":3,"featured_media":57758,"comment_status":"closed","ping_status":"closed","sticky":false,"template":"","format":"standard","meta":{"_joinchat":[],"footnotes":""},"categories":[55,61],"tags":[],"class_list":{"0":"post-58576","1":"post","2":"type-post","3":"status-publish","4":"format-standard","5":"has-post-thumbnail","7":"category-reconquista","8":"category-regionales"},"_links":{"self":[{"href":"https:\/\/infovera.com.ar\/web\/wp-json\/wp\/v2\/posts\/58576","targetHints":{"allow":["GET"]}}],"collection":[{"href":"https:\/\/infovera.com.ar\/web\/wp-json\/wp\/v2\/posts"}],"about":[{"href":"https:\/\/infovera.com.ar\/web\/wp-json\/wp\/v2\/types\/post"}],"author":[{"embeddable":true,"href":"https:\/\/infovera.com.ar\/web\/wp-json\/wp\/v2\/users\/3"}],"replies":[{"embeddable":true,"href":"https:\/\/infovera.com.ar\/web\/wp-json\/wp\/v2\/comments?post=58576"}],"version-history":[{"count":0,"href":"https:\/\/infovera.com.ar\/web\/wp-json\/wp\/v2\/posts\/58576\/revisions"}],"wp:featuredmedia":[{"embeddable":true,"href":"https:\/\/infovera.com.ar\/web\/wp-json\/wp\/v2\/media\/57758"}],"wp:attachment":[{"href":"https:\/\/infovera.com.ar\/web\/wp-json\/wp\/v2\/media?parent=58576"}],"wp:term":[{"taxonomy":"category","embeddable":true,"href":"https:\/\/infovera.com.ar\/web\/wp-json\/wp\/v2\/categories?post=58576"},{"taxonomy":"post_tag","embeddable":true,"href":"https:\/\/infovera.com.ar\/web\/wp-json\/wp\/v2\/tags?post=58576"}],"curies":[{"name":"wp","href":"https:\/\/api.w.org\/{rel}","templated":true}]}}