{"id":58541,"date":"2025-01-17T21:59:42","date_gmt":"2025-01-18T00:59:42","guid":{"rendered":"https:\/\/infovera.com.ar\/web\/?p=58541"},"modified":"2025-01-17T21:59:42","modified_gmt":"2025-01-18T00:59:42","slug":"el-obispado-advirtio-que-no-esta-vinculado-con-la-visita-de-una-sanadora-a-margarita","status":"publish","type":"post","link":"https:\/\/infovera.com.ar\/web\/2025\/01\/17\/el-obispado-advirtio-que-no-esta-vinculado-con-la-visita-de-una-sanadora-a-margarita\/","title":{"rendered":"El Obispado advirti\u00f3 que no est\u00e1 vinculado con la visita de una &#8220;sanadora&#8221; a Margarita"},"content":{"rendered":"<p>El Obispado de Reconquista, ante la consulta de los fieles de la di\u00f3cesis y habiendo tomado conocimiento por las redes sociales, sobre la visita de la Sra. Leda Bergonzi, a la parroquia \u201cSan Roque\u201d de Margarita, con su grupo \u201cSoplo de Dios viviente\u201d, en el mes de febrero, comunica que:<\/p>\n<p>El Obispado de Reconquista, y la parroquia de Margarita, no est\u00e1n vinculados ni participan de la organizaci\u00f3n de dicho evento.<\/p>\n<p>El Obispado informa adem\u00e1s a los fieles que el Arzobispado de Rosario en fecha 12 de setiembre de 2024, con fundados motivos dej\u00f3 de acompa\u00f1ar toda iniciativa pastoral de la Sra. Bergonzi, como as\u00ed tambi\u00e9n otro tipo de actividades que la misma realizare. La Iglesia Diocesana de Reconquista, siguiendo el principio de la comuni\u00f3n apost\u00f3lica, adhiere a esta determinaci\u00f3n.<\/p>\n<p>En el a\u00f1o de la esperanza roguemos al Se\u00f1or para que todos sus hijos e hijas nos dejemos iluminar y acompa\u00f1ar por aqu\u00e9l que es el \u00fanico que sana y salva: Jesucristo, nuestra esperanza.<\/p>\n","protected":false},"excerpt":{"rendered":"<p>El Obispado de Reconquista, ante la consulta de los fieles de la di\u00f3cesis y habiendo tomado conocimiento por las redes sociales, sobre la visita de la Sra. Leda Bergonzi, a la parroquia \u201cSan Roque\u201d de Margarita, con su grupo \u201cSoplo de Dios viviente\u201d, en el mes de febrero, comunica que: El Obispado de Reconquista, y [&hellip;]<\/p>\n","protected":false},"author":3,"featured_media":58542,"comment_status":"closed","ping_status":"closed","sticky":false,"template":"","format":"standard","meta":{"_joinchat":[],"footnotes":""},"categories":[56,54],"tags":[],"class_list":{"0":"post-58541","1":"post","2":"type-post","3":"status-publish","4":"format-standard","5":"has-post-thumbnail","7":"category-destacados","8":"category-margarita"},"_links":{"self":[{"href":"https:\/\/infovera.com.ar\/web\/wp-json\/wp\/v2\/posts\/58541","targetHints":{"allow":["GET"]}}],"collection":[{"href":"https:\/\/infovera.com.ar\/web\/wp-json\/wp\/v2\/posts"}],"about":[{"href":"https:\/\/infovera.com.ar\/web\/wp-json\/wp\/v2\/types\/post"}],"author":[{"embeddable":true,"href":"https:\/\/infovera.com.ar\/web\/wp-json\/wp\/v2\/users\/3"}],"replies":[{"embeddable":true,"href":"https:\/\/infovera.com.ar\/web\/wp-json\/wp\/v2\/comments?post=58541"}],"version-history":[{"count":0,"href":"https:\/\/infovera.com.ar\/web\/wp-json\/wp\/v2\/posts\/58541\/revisions"}],"wp:featuredmedia":[{"embeddable":true,"href":"https:\/\/infovera.com.ar\/web\/wp-json\/wp\/v2\/media\/58542"}],"wp:attachment":[{"href":"https:\/\/infovera.com.ar\/web\/wp-json\/wp\/v2\/media?parent=58541"}],"wp:term":[{"taxonomy":"category","embeddable":true,"href":"https:\/\/infovera.com.ar\/web\/wp-json\/wp\/v2\/categories?post=58541"},{"taxonomy":"post_tag","embeddable":true,"href":"https:\/\/infovera.com.ar\/web\/wp-json\/wp\/v2\/tags?post=58541"}],"curies":[{"name":"wp","href":"https:\/\/api.w.org\/{rel}","templated":true}]}}