{"id":58497,"date":"2025-01-14T18:11:17","date_gmt":"2025-01-14T21:11:17","guid":{"rendered":"https:\/\/infovera.com.ar\/web\/?p=58497"},"modified":"2025-01-15T19:48:11","modified_gmt":"2025-01-15T22:48:11","slug":"comparsas-de-vera-brindaran-un-show-pre-carnaval-gratuito-como-antesala-de-la-edicion-2025","status":"publish","type":"post","link":"https:\/\/infovera.com.ar\/web\/2025\/01\/14\/comparsas-de-vera-brindaran-un-show-pre-carnaval-gratuito-como-antesala-de-la-edicion-2025\/","title":{"rendered":"Comparsas de Vera brindar\u00e1n un show pre carnaval gratuito como antesala de la edici\u00f3n 2025"},"content":{"rendered":"<p>Ferrumba, Paravera, Bambita, Vera samba y Unidos del samba ser\u00e1n las comparsas que dir\u00e1n presente el domingo 2 de febrero en el predio del ferrocarril, donde brindar\u00e1n un espect\u00e1culo gratuito, como antesala de lo que ser\u00e1n los carnavales de la ciudad.<\/p>\n<p>El evento es organizado por Espacio Abierto, el diputado Sergio Rojas y la concejala Ana Capello, junto a las comparsas. Atilio Clement\u00edn, referente de EA, confirm\u00f3 que en la locuci\u00f3n y animaci\u00f3n estar\u00e1n el profesor Juan Carlos Friggeri y la profesora y artista Susana Bottegoni, y tambi\u00e9n habr\u00e1 una feria de emprendedores y un paseo gastron\u00f3mico.<\/p>\n<p>Con respecto al espect\u00e1culo, Clementin se\u00f1al\u00f3 que \u201ccada comparsa presentar\u00e1 el tema que eligieron para representar y realizar\u00e1n un desfile mostrando sus trajes. Tambi\u00e9n habr\u00e1 una batalla de batucadas, en la que cada comparsa tendr\u00e1 la posibilidad de mostrar lo m\u00e1s destacado de su show, y seguramente haya alguna sorpresa especial al final\u201d.<\/p>\n<p>El diputado Sergio Chiqui Rojas y la concejala Ana Capello estuvieron acompa\u00f1ando y coordinando con las comparsas durante todo el a\u00f1o diferentes actividades en vistas a la edici\u00f3n 2025 de los carnavales. Rojas expres\u00f3 que \u201cesta pe\u00f1a pre carnaval es una manera de mostrar lo que se fue haciendo durante el a\u00f1o pasado, de revalorizar el carnaval, pero tambi\u00e9n de ofrecer a los vecinos y vecinas la posibilidad de disfrutar de una noche inolvidable. Detr\u00e1s de cada comparsa est\u00e1 el trabajo y sacrificio de familias y amigos que participan o colaboran para hacer del carnaval de Vera uno de los m\u00e1s importantes y significativos de la provincia. De alguna manera esta actividad gratuita es una manera de agradecer y devolver parte del esfuerzo realizado\u201d.<\/p>\n<p>\u201cCuando finaliz\u00f3 la edici\u00f3n pasada nos pusimos a disposici\u00f3n de las comparsas para acompa\u00f1arlas en su preparaci\u00f3n, con apoyo econ\u00f3mico, pero fundamentalmente desde lo organizativo, que es algo que cuesta mucho, sobre todo coordinar entre diferentes grupos, reuni\u00e9ndonos peri\u00f3dicamente, organizando capacitaciones para las batucadas con gente muy reconocida en el ambiente, que la verdad fueron excelentes y convocaron much\u00edsima gente.\u201d<\/p>\n<p>Por su parte, Capello manifest\u00f3 \u201cpara los verenses, el carnaval es una parte de nosotros, es historia, tradici\u00f3n, pasi\u00f3n y alegr\u00eda, por eso tambi\u00e9n quisimos que todos y todas puedan disfrutar del show pero tambi\u00e9n que se sientan parte de \u00e9l. A la animaci\u00f3n y locuci\u00f3n por parte de dos personas tan queridas como el gringo Friggeri y Susana Bottegoni, se le sumar\u00e1 un paseo gastron\u00f3mico con una oferta muy variada de comidas y bebidas, y una feria de emprendedores y artesanos locales, para que adem\u00e1s de tener la posibilidad de presenciar el show de manera gratuita, puedan ir en familia a pasar una noche inolvidable.\u201d<\/p>\n","protected":false},"excerpt":{"rendered":"<p>Ferrumba, Paravera, Bambita, Vera samba y Unidos del samba ser\u00e1n las comparsas que dir\u00e1n presente el domingo 2 de febrero en el predio del ferrocarril, donde brindar\u00e1n un espect\u00e1culo gratuito, como antesala de lo que ser\u00e1n los carnavales de la ciudad. El evento es organizado por Espacio Abierto, el diputado Sergio Rojas y la concejala [&hellip;]<\/p>\n","protected":false},"author":3,"featured_media":58498,"comment_status":"closed","ping_status":"closed","sticky":false,"template":"","format":"standard","meta":{"_joinchat":[],"footnotes":""},"categories":[53],"tags":[],"class_list":{"0":"post-58497","1":"post","2":"type-post","3":"status-publish","4":"format-standard","5":"has-post-thumbnail","7":"category-vera"},"_links":{"self":[{"href":"https:\/\/infovera.com.ar\/web\/wp-json\/wp\/v2\/posts\/58497","targetHints":{"allow":["GET"]}}],"collection":[{"href":"https:\/\/infovera.com.ar\/web\/wp-json\/wp\/v2\/posts"}],"about":[{"href":"https:\/\/infovera.com.ar\/web\/wp-json\/wp\/v2\/types\/post"}],"author":[{"embeddable":true,"href":"https:\/\/infovera.com.ar\/web\/wp-json\/wp\/v2\/users\/3"}],"replies":[{"embeddable":true,"href":"https:\/\/infovera.com.ar\/web\/wp-json\/wp\/v2\/comments?post=58497"}],"version-history":[{"count":0,"href":"https:\/\/infovera.com.ar\/web\/wp-json\/wp\/v2\/posts\/58497\/revisions"}],"wp:featuredmedia":[{"embeddable":true,"href":"https:\/\/infovera.com.ar\/web\/wp-json\/wp\/v2\/media\/58498"}],"wp:attachment":[{"href":"https:\/\/infovera.com.ar\/web\/wp-json\/wp\/v2\/media?parent=58497"}],"wp:term":[{"taxonomy":"category","embeddable":true,"href":"https:\/\/infovera.com.ar\/web\/wp-json\/wp\/v2\/categories?post=58497"},{"taxonomy":"post_tag","embeddable":true,"href":"https:\/\/infovera.com.ar\/web\/wp-json\/wp\/v2\/tags?post=58497"}],"curies":[{"name":"wp","href":"https:\/\/api.w.org\/{rel}","templated":true}]}}