{"id":58484,"date":"2025-01-10T21:05:53","date_gmt":"2025-01-11T00:05:53","guid":{"rendered":"https:\/\/infovera.com.ar\/web\/?p=58484"},"modified":"2025-01-27T10:55:23","modified_gmt":"2025-01-27T13:55:23","slug":"condenaron-a-un-policia-que-encubrio-la-sustraccion-de-ganado-e-intervino-en-la-venta-ilegal-de-esos-animales-en-fortin-olmos","status":"publish","type":"post","link":"https:\/\/infovera.com.ar\/web\/2025\/01\/10\/condenaron-a-un-policia-que-encubrio-la-sustraccion-de-ganado-e-intervino-en-la-venta-ilegal-de-esos-animales-en-fortin-olmos\/","title":{"rendered":"Condenaron a un polic\u00eda que encubri\u00f3 la sustracci\u00f3n de ganado e intervino en la venta ilegal de esos animales en Fort\u00edn Olmos"},"content":{"rendered":"<p>Se trata de Rolando Antonio Senn, de 47 a\u00f1os, a quien se le impusieron tres a\u00f1os y 15 d\u00edas de prisi\u00f3n de cumplimiento efectivo. Adem\u00e1s fue inhabilitado para ejercer funciones p\u00fablicas durante cuatro a\u00f1os, lo cual se comunicar\u00e1 al Ministerio de Justicia y Seguridad debido a que el condenado actualmente tiene un cargo jer\u00e1rquico en la Polic\u00eda de Seguridad Vial. La sentencia fue dispuesta en el marco de un juicio oral que finaliz\u00f3 esta ma\u00f1ana en los tribunales de Vera. El fiscal que represent\u00f3 al MPA en el debate es Leandro Benegas.<\/p>\n<p>Un polic\u00eda de 47 a\u00f1os identificado como Rolando Antonio Senn fue condenado a tres a\u00f1os y 15 d\u00edas de prisi\u00f3n de cumplimiento efectivo por encubrir la sustracci\u00f3n de seis cabezas de ganado e intervenir en la venta ilegal de esos animales en Fort\u00edn Olmos (departamento Vera).<\/p>\n<p>A su vez, Senn fue inhabilitado para ejercer funciones p\u00fablicas por cuatro a\u00f1os, lo cual ser\u00e1 comunicado al Ministerio de Justicia y Seguridad. Actualmente, el condenado tiene un cargo jer\u00e1rquico en una dependencia de la Polic\u00eda de Seguridad Vial con sede en el norte provincial.<\/p>\n<p>La sentencia fue ordenada por el juez Santiago Banegas, en el marco de un juicio oral que finaliz\u00f3 esta ma\u00f1ana en los tribunales de Vera. En su resoluci\u00f3n, el magistrado consider\u00f3 acreditada la atribuci\u00f3n delictiva realizada por la Fiscal\u00eda y rechaz\u00f3 cuatro requerimientos de la Defensa.<\/p>\n<p>El fiscal que estuvo a cargo de la investigaci\u00f3n y represent\u00f3 al MPA en el debate es Leandro Benegas. En tal sentido, inform\u00f3 que \u201ccomo el condenado lleg\u00f3 al juicio en libertad, solicitamos una audiencia para tratar las medidas cautelares que deber\u00e1 cumplir hasta que el fallo quede firme\u201d, y adelant\u00f3 que \u201cpediremos la prisi\u00f3n preventiva\u201d.<\/p>\n<p>Sin documentaci\u00f3n<\/p>\n<p>El fiscal indic\u00f3 que \u201cSenn llev\u00f3 a cabo su conducta delictiva en septiembre de 2020, cuando integraba la Direcci\u00f3n General de Seguridad Rural Los Pumas\u201d. Al respecto, afirm\u00f3 que \u201ca sabiendas de que un pe\u00f3n rural se hab\u00eda apoderado ileg\u00edtimamente de seis terneros de razas Brangus y Aberdeen Angus, el condenado encubri\u00f3 el abigeato vendiendo los animales\u201d.<\/p>\n<p>Benegas expuso que \u201cpara borrar las pruebas del robo de ganado, el uniformado ofert\u00f3 los animales como si hubieran sido suyos y actu\u00f3 como intermediario entre el pe\u00f3n y un comprador\u201d. Seg\u00fan precis\u00f3, \u201c\u00e9l mismo concret\u00f3 la transacci\u00f3n en el campo al que pertenec\u00edan los vacunos y recibi\u00f3 dinero por su participaci\u00f3n\u201d. Por otro lado, el fiscal mencion\u00f3 que \u201cSenn omiti\u00f3 exigirle al autor del abigeato la documentaci\u00f3n relativa a los terneros vendidos\u201d.<\/p>\n<p>Calificaci\u00f3n penal<\/p>\n<p>Senn fue condenado como autor de encubrimiento agravado (porque el hecho precedente implic\u00f3 un delito especialmente grave).<\/p>\n<p>Criterio de oportunidad<\/p>\n<p>En relaci\u00f3n al pe\u00f3n que estuvo involucrado en el il\u00edcito, Benegas puntualiz\u00f3 que \u201cfue investigado penalmente y en abril de 2021 se le aplic\u00f3 un criterio de oportunidad con el cual la v\u00edctima estuvo de acuerdo\u201d. Al respecto, precis\u00f3 que \u201cpor entonces, el trabajador rural le entreg\u00f3 1.200.000 pesos como reparaci\u00f3n econ\u00f3mica al propietario del ganado sustra\u00eddo\u201d.<\/p>\n","protected":false},"excerpt":{"rendered":"<p>Se trata de Rolando Antonio Senn, de 47 a\u00f1os, a quien se le impusieron tres a\u00f1os y 15 d\u00edas de prisi\u00f3n de cumplimiento efectivo. Adem\u00e1s fue inhabilitado para ejercer funciones p\u00fablicas durante cuatro a\u00f1os, lo cual se comunicar\u00e1 al Ministerio de Justicia y Seguridad debido a que el condenado actualmente tiene un cargo jer\u00e1rquico en [&hellip;]<\/p>\n","protected":false},"author":3,"featured_media":53043,"comment_status":"closed","ping_status":"closed","sticky":false,"template":"","format":"standard","meta":{"_joinchat":[],"footnotes":""},"categories":[53],"tags":[],"class_list":{"0":"post-58484","1":"post","2":"type-post","3":"status-publish","4":"format-standard","5":"has-post-thumbnail","7":"category-vera"},"_links":{"self":[{"href":"https:\/\/infovera.com.ar\/web\/wp-json\/wp\/v2\/posts\/58484","targetHints":{"allow":["GET"]}}],"collection":[{"href":"https:\/\/infovera.com.ar\/web\/wp-json\/wp\/v2\/posts"}],"about":[{"href":"https:\/\/infovera.com.ar\/web\/wp-json\/wp\/v2\/types\/post"}],"author":[{"embeddable":true,"href":"https:\/\/infovera.com.ar\/web\/wp-json\/wp\/v2\/users\/3"}],"replies":[{"embeddable":true,"href":"https:\/\/infovera.com.ar\/web\/wp-json\/wp\/v2\/comments?post=58484"}],"version-history":[{"count":0,"href":"https:\/\/infovera.com.ar\/web\/wp-json\/wp\/v2\/posts\/58484\/revisions"}],"wp:featuredmedia":[{"embeddable":true,"href":"https:\/\/infovera.com.ar\/web\/wp-json\/wp\/v2\/media\/53043"}],"wp:attachment":[{"href":"https:\/\/infovera.com.ar\/web\/wp-json\/wp\/v2\/media?parent=58484"}],"wp:term":[{"taxonomy":"category","embeddable":true,"href":"https:\/\/infovera.com.ar\/web\/wp-json\/wp\/v2\/categories?post=58484"},{"taxonomy":"post_tag","embeddable":true,"href":"https:\/\/infovera.com.ar\/web\/wp-json\/wp\/v2\/tags?post=58484"}],"curies":[{"name":"wp","href":"https:\/\/api.w.org\/{rel}","templated":true}]}}