{"id":58444,"date":"2025-01-08T12:53:50","date_gmt":"2025-01-08T15:53:50","guid":{"rendered":"https:\/\/infovera.com.ar\/web\/?p=58444"},"modified":"2025-01-09T12:11:54","modified_gmt":"2025-01-09T15:11:54","slug":"el-ejecutivo-envio-a-la-legislatura-los-pliegos-con-los-nombres-para-la-corte-suprema","status":"publish","type":"post","link":"https:\/\/infovera.com.ar\/web\/2025\/01\/08\/el-ejecutivo-envio-a-la-legislatura-los-pliegos-con-los-nombres-para-la-corte-suprema\/","title":{"rendered":"El Ejecutivo envi\u00f3 a la Legislatura los pliegos con los nombres para la Corte Suprema"},"content":{"rendered":"<p>Con las firmas del gobernador Maximiliano Pullaro y del ministro de Gobierno, Fabi\u00e1n Bastia, el Gobierno envi\u00f3 los pliegos de Jorge Baclini, Margarita Zabalza y Rub\u00e9n Weder..<\/p>\n<p>Al cumplirse este mi\u00e9rcoles el plazo de 15 d\u00edas para la presentaci\u00f3n de adhesiones o impugnaciones a los nombres de las personas propuestas por el Poder Ejecutivo provincial para cubrir vacantes en la Corte Suprema de Justicia de Santa Fe, el gobernador Maximiliano Pullaro y el ministro Fabi\u00e1n Bastia firmaron y enviaron a la Legislatura el mensaje con los pliegos de Jorge Baclini, Margarita Zabalza y Rub\u00e9n Weder.<\/p>\n<p>Los nombres hab\u00edan sido publicados el pasado 23 de diciembre, y desde entonces se recibieron numerosas manifestaciones de adhesi\u00f3n y tan solo dos observaciones, a priori sin entidad alguna.<\/p>\n<p>A partir de ahora se pone en marcha el proceso de discusi\u00f3n legislativa. Est\u00e1 previsto que ma\u00f1ana tenga lugar la apertura de los sobres por parte presidente de la Comisi\u00f3n Bicameral de Acuerdo, Ra\u00fal Gramajo.<\/p>\n<p>Ocurrido eso, se va a definir la fecha de convocatoria a los postulantes para las respectivas entrevistas.<\/p>\n<p>El procedimiento finaliza con un dictamen que debe emitir la Comisi\u00f3n, y que ser\u00e1 sometido luego a consideraci\u00f3n de la Asamblea Legislativa.<\/p>\n","protected":false},"excerpt":{"rendered":"<p>Con las firmas del gobernador Maximiliano Pullaro y del ministro de Gobierno, Fabi\u00e1n Bastia, el Gobierno envi\u00f3 los pliegos de Jorge Baclini, Margarita Zabalza y Rub\u00e9n Weder.. Al cumplirse este mi\u00e9rcoles el plazo de 15 d\u00edas para la presentaci\u00f3n de adhesiones o impugnaciones a los nombres de las personas propuestas por el Poder Ejecutivo provincial [&hellip;]<\/p>\n","protected":false},"author":3,"featured_media":58445,"comment_status":"closed","ping_status":"closed","sticky":false,"template":"","format":"standard","meta":{"_joinchat":[],"footnotes":""},"categories":[60],"tags":[],"class_list":{"0":"post-58444","1":"post","2":"type-post","3":"status-publish","4":"format-standard","5":"has-post-thumbnail","7":"category-provinciales"},"_links":{"self":[{"href":"https:\/\/infovera.com.ar\/web\/wp-json\/wp\/v2\/posts\/58444","targetHints":{"allow":["GET"]}}],"collection":[{"href":"https:\/\/infovera.com.ar\/web\/wp-json\/wp\/v2\/posts"}],"about":[{"href":"https:\/\/infovera.com.ar\/web\/wp-json\/wp\/v2\/types\/post"}],"author":[{"embeddable":true,"href":"https:\/\/infovera.com.ar\/web\/wp-json\/wp\/v2\/users\/3"}],"replies":[{"embeddable":true,"href":"https:\/\/infovera.com.ar\/web\/wp-json\/wp\/v2\/comments?post=58444"}],"version-history":[{"count":0,"href":"https:\/\/infovera.com.ar\/web\/wp-json\/wp\/v2\/posts\/58444\/revisions"}],"wp:featuredmedia":[{"embeddable":true,"href":"https:\/\/infovera.com.ar\/web\/wp-json\/wp\/v2\/media\/58445"}],"wp:attachment":[{"href":"https:\/\/infovera.com.ar\/web\/wp-json\/wp\/v2\/media?parent=58444"}],"wp:term":[{"taxonomy":"category","embeddable":true,"href":"https:\/\/infovera.com.ar\/web\/wp-json\/wp\/v2\/categories?post=58444"},{"taxonomy":"post_tag","embeddable":true,"href":"https:\/\/infovera.com.ar\/web\/wp-json\/wp\/v2\/tags?post=58444"}],"curies":[{"name":"wp","href":"https:\/\/api.w.org\/{rel}","templated":true}]}}