{"id":58430,"date":"2025-01-07T20:08:39","date_gmt":"2025-01-07T23:08:39","guid":{"rendered":"https:\/\/infovera.com.ar\/web\/?p=58430"},"modified":"2025-01-08T13:30:17","modified_gmt":"2025-01-08T16:30:17","slug":"accidente-en-la-travesia-urbana-de-la-ruta-11-por-calchaqui","status":"publish","type":"post","link":"https:\/\/infovera.com.ar\/web\/2025\/01\/07\/accidente-en-la-travesia-urbana-de-la-ruta-11-por-calchaqui\/","title":{"rendered":"Accidente en la traves\u00eda urbana de la Ruta 11 por Calchaqu\u00ed"},"content":{"rendered":"<p>A las 16:30, en la intersecci\u00f3n de Ruta Nacional 11 y Rivadavia, por causas que se tratan de establecer, entraron en colisi\u00f3n una moto Gilera VC 150 cc, color rojo, sin dominio visible, guiada por un hombre, y una camioneta Peugeot Partner, conducida por Domingo Soto, que manifest\u00f3 encontrarse ileso.<\/p>\n<p>Alan Vel\u00e1zquez, conductor de la moto, fue trasladado en ambulancia al Hospital local a fin de recibir atenci\u00f3n m\u00e9dica. Ambos intervinientes son domiciliados en la ciudad de Calchaqu\u00ed.<\/p>\n","protected":false},"excerpt":{"rendered":"<p>A las 16:30, en la intersecci\u00f3n de Ruta Nacional 11 y Rivadavia, por causas que se tratan de establecer, entraron en colisi\u00f3n una moto Gilera VC 150 cc, color rojo, sin dominio visible, guiada por un hombre, y una camioneta Peugeot Partner, conducida por Domingo Soto, que manifest\u00f3 encontrarse ileso. Alan Vel\u00e1zquez, conductor de la [&hellip;]<\/p>\n","protected":false},"author":3,"featured_media":58431,"comment_status":"closed","ping_status":"closed","sticky":false,"template":"","format":"standard","meta":{"_joinchat":[],"footnotes":""},"categories":[52,30],"tags":[],"class_list":{"0":"post-58430","1":"post","2":"type-post","3":"status-publish","4":"format-standard","5":"has-post-thumbnail","7":"category-calchaqui","8":"category-policiales"},"_links":{"self":[{"href":"https:\/\/infovera.com.ar\/web\/wp-json\/wp\/v2\/posts\/58430","targetHints":{"allow":["GET"]}}],"collection":[{"href":"https:\/\/infovera.com.ar\/web\/wp-json\/wp\/v2\/posts"}],"about":[{"href":"https:\/\/infovera.com.ar\/web\/wp-json\/wp\/v2\/types\/post"}],"author":[{"embeddable":true,"href":"https:\/\/infovera.com.ar\/web\/wp-json\/wp\/v2\/users\/3"}],"replies":[{"embeddable":true,"href":"https:\/\/infovera.com.ar\/web\/wp-json\/wp\/v2\/comments?post=58430"}],"version-history":[{"count":0,"href":"https:\/\/infovera.com.ar\/web\/wp-json\/wp\/v2\/posts\/58430\/revisions"}],"wp:featuredmedia":[{"embeddable":true,"href":"https:\/\/infovera.com.ar\/web\/wp-json\/wp\/v2\/media\/58431"}],"wp:attachment":[{"href":"https:\/\/infovera.com.ar\/web\/wp-json\/wp\/v2\/media?parent=58430"}],"wp:term":[{"taxonomy":"category","embeddable":true,"href":"https:\/\/infovera.com.ar\/web\/wp-json\/wp\/v2\/categories?post=58430"},{"taxonomy":"post_tag","embeddable":true,"href":"https:\/\/infovera.com.ar\/web\/wp-json\/wp\/v2\/tags?post=58430"}],"curies":[{"name":"wp","href":"https:\/\/api.w.org\/{rel}","templated":true}]}}