{"id":58420,"date":"2025-01-07T10:50:51","date_gmt":"2025-01-07T13:50:51","guid":{"rendered":"https:\/\/infovera.com.ar\/web\/?p=58420"},"modified":"2025-01-07T20:09:12","modified_gmt":"2025-01-07T23:09:12","slug":"un-colectivo-con-pasajeros-choco-una-vaca-suelta-en-cercanias-del-expeaje","status":"publish","type":"post","link":"https:\/\/infovera.com.ar\/web\/2025\/01\/07\/un-colectivo-con-pasajeros-choco-una-vaca-suelta-en-cercanias-del-expeaje\/","title":{"rendered":"Un colectivo con pasajeros choc\u00f3 una vaca suelta en cercan\u00edas del expeaje"},"content":{"rendered":"<p>A las 0:55, numerarios de Destacamento I de la UR IX acudieron a inmediaciones del expeaje de la Ruta 11.<\/p>\n<p>En ese lugar situado a unos 10 kil\u00f3metros al sur de Reconquista se produjo un accidente de transito cuando un colectivo Mercedes Benz de la Empresa Godoy Internacional, de doble piso colison\u00f3 con una vaca suelta.<\/p>\n<p>El coche era conducido por un formose\u00f1o de 51 a\u00f1os, que manifest\u00f3 que circulaba en direcci\u00f3n sur\/norte al momento en que se le cruz\u00f3 un animal bovino.<\/p>\n<p>Como consecuencia de lo sucedido el animal muri\u00f3 y el colectivo con pasajeros sufri\u00f3 da\u00f1o en la parte frontal, pero no hubo personas lesionas. Aun as\u00ed, pudo continuar su marcha hasta la Terminal de \u00d3mnibus de la ciudad de Reconquista donde el pasaje fue cambiado de unidad para continuar el viaje.<\/p>\n","protected":false},"excerpt":{"rendered":"<p>A las 0:55, numerarios de Destacamento I de la UR IX acudieron a inmediaciones del expeaje de la Ruta 11. En ese lugar situado a unos 10 kil\u00f3metros al sur de Reconquista se produjo un accidente de transito cuando un colectivo Mercedes Benz de la Empresa Godoy Internacional, de doble piso colison\u00f3 con una vaca [&hellip;]<\/p>\n","protected":false},"author":3,"featured_media":58421,"comment_status":"closed","ping_status":"closed","sticky":false,"template":"","format":"standard","meta":{"_joinchat":[],"footnotes":""},"categories":[30,61],"tags":[],"class_list":{"0":"post-58420","1":"post","2":"type-post","3":"status-publish","4":"format-standard","5":"has-post-thumbnail","7":"category-policiales","8":"category-regionales"},"_links":{"self":[{"href":"https:\/\/infovera.com.ar\/web\/wp-json\/wp\/v2\/posts\/58420","targetHints":{"allow":["GET"]}}],"collection":[{"href":"https:\/\/infovera.com.ar\/web\/wp-json\/wp\/v2\/posts"}],"about":[{"href":"https:\/\/infovera.com.ar\/web\/wp-json\/wp\/v2\/types\/post"}],"author":[{"embeddable":true,"href":"https:\/\/infovera.com.ar\/web\/wp-json\/wp\/v2\/users\/3"}],"replies":[{"embeddable":true,"href":"https:\/\/infovera.com.ar\/web\/wp-json\/wp\/v2\/comments?post=58420"}],"version-history":[{"count":0,"href":"https:\/\/infovera.com.ar\/web\/wp-json\/wp\/v2\/posts\/58420\/revisions"}],"wp:featuredmedia":[{"embeddable":true,"href":"https:\/\/infovera.com.ar\/web\/wp-json\/wp\/v2\/media\/58421"}],"wp:attachment":[{"href":"https:\/\/infovera.com.ar\/web\/wp-json\/wp\/v2\/media?parent=58420"}],"wp:term":[{"taxonomy":"category","embeddable":true,"href":"https:\/\/infovera.com.ar\/web\/wp-json\/wp\/v2\/categories?post=58420"},{"taxonomy":"post_tag","embeddable":true,"href":"https:\/\/infovera.com.ar\/web\/wp-json\/wp\/v2\/tags?post=58420"}],"curies":[{"name":"wp","href":"https:\/\/api.w.org\/{rel}","templated":true}]}}