{"id":58376,"date":"2025-01-03T10:52:48","date_gmt":"2025-01-03T13:52:48","guid":{"rendered":"https:\/\/infovera.com.ar\/web\/?p=58376"},"modified":"2025-01-03T19:20:52","modified_gmt":"2025-01-03T22:20:52","slug":"operativo-verano-santa-fe-se-prepara-para-vivir-un-enero-lleno-de-fiestas-populares-2","status":"publish","type":"post","link":"https:\/\/infovera.com.ar\/web\/2025\/01\/03\/operativo-verano-santa-fe-se-prepara-para-vivir-un-enero-lleno-de-fiestas-populares-2\/","title":{"rendered":"Operativo Verano: Santa Fe se prepara para vivir un enero lleno de fiestas populares"},"content":{"rendered":"<p>Desde la Secretar\u00eda de Turismo de la Provincia se dio a conocer una nutrida agenda que abarca todas a todas las regiones del territorio santafesino. 30 celebraciones en 30 d\u00edas permitir\u00e1n vivir el ADN santafesino a trav\u00e9s de la cultura.<\/p>\n<p>La provincia de Santa Fe ofrece durante todo el a\u00f1o una amplia variedad de actividades relacionadas con el turismo, el deporte y la gastronom\u00eda que reflejan sus costumbres m\u00e1s arraigadas. Entre estas propuestas se destacan las numerosas fiestas populares que, con el sello \u00fanico de cada regi\u00f3n, se convirtieron en verdaderas tradiciones.<\/p>\n<p>El verano, en particular, es una \u00e9poca ideal para disfrutar de estos eventos. En el marco del Operativo Verano, desde la Secretar\u00eda de Turismo del Ministerio de Desarrollo Productivo prepararon una completa agenda que, s\u00f3lo para enero, incluye 30 actividades distribuidas en los distintos departamentos de la provincia.<\/p>\n<p>\u201cEste tipo de fiestas representa nuestra identidad cultural y colectiva, nuestro ADN\u201d, asegur\u00f3 al respecto el ministro de Desarrollo Productivo, Gustavo Puccini, para luego valorar que estos eventos son muy importantes, en muchos casos muestran la cultura del lugar, pero adem\u00e1s mueven la econom\u00eda, sirven al turismo, y sobre todo, hace que mucha la gente la pase bien\u201d.<\/p>\n<p>En l\u00ednea, la secretaria de Turismo, Marcela Aeberhard, afirm\u00f3 que \u201ccon el acompa\u00f1amiento del gobernador Maximiliano Pullaro y del ministro Puccini venimos trabajando desde el primer d\u00eda de nuestra gesti\u00f3n con un compromiso claro: visibilizar y fortalecer las fiestas populares de la provincia. Estas celebraciones no s\u00f3lo son el coraz\u00f3n de la identidad cultural, gastron\u00f3mica y musical de cada comunidad, sino tambi\u00e9n una ventana al alma de nuestro pueblo\u201d. Adem\u00e1s, la funcionaria asegur\u00f3 que \u201ca trav\u00e9s de programas de certificaci\u00f3n de calidad, buscamos que cada fiesta sea una experiencia inolvidable tanto para quienes la organizan como para quienes la disfrutan. Este trabajo en conjunto con municipios y comunas no s\u00f3lo impulsa la econom\u00eda local, sino que tambi\u00e9n preserva y revaloriza nuestras tradiciones. Las fiestas populares son mucho m\u00e1s que eventos: son espacios donde el pasado, el presente y el futuro de nuestra provincia se encuentran. Santa Fe vibra en cada danza, en cada plato t\u00edpico y en cada canci\u00f3n que resuena en nuestras plazas y calles. Continuaremos trabajando para que estas celebraciones sean un s\u00edmbolo de orgullo y unidad para todas y todos los santafesinos\u201d.<\/p>\n<p>En toda la provincia<\/p>\n<p>La programaci\u00f3n del primer mes del a\u00f1o contempla ofertas variadas que se desarrollan en cada rinc\u00f3n de la provincia.<\/p>\n<p>En el Norte<\/p>\n<p>* En Villa Ocampo, el primer evento fue el 1\u00b0 de enero, con \u201cLa Fiesta de Playa\u201d.<br \/>\n* En Reconquista, el 4 y 5 se llevar\u00e1 a cabo el \u201c2\u00b0 Festival del Jaaukanig\u00e1s\u201d.<br \/>\n* Tambi\u00e9n el 4 y 5 la cita ser\u00e1 en Malabrigo para vivir la \u201cFiesta Regional de la Arena Blanca\u201d.<br \/>\n* En Correa, el d\u00eda 10, se realizar\u00e1 el 13\u00b0 \u201cFestival Internacional El Latinoamericano 2025\u201d.<br \/>\n* El 10 y 11 en Moussy, Avellaneda se presentar\u00e1 el \u201cFestival Provincial Nuestro Canto\u201d.<br \/>\n* Del 10 al 12, en Alejandra se vivir\u00e1 la \u201cFiesta Provincial del R\u00edo\u201d.<br \/>\n* En tanto, el d\u00eda 11 Ataliva ser\u00e1, una vez m\u00e1s, sede de la 38\u00b0 \u201cFiesta Nacional del Chorizo Artesanal\u201d.<br \/>\n* El 12 en Las Toscas se realizar\u00e1 la \u201cFiesta Provincial de la Costa\u201d.<br \/>\n* En Romang, del 17 al 19, ser\u00e1 la \u201cFiesta Provincial del Sol\u201d.<br \/>\n* \u201cLas Toscas Rock\u201d se llevar\u00e1 a cabo en esa localidad el 19.<br \/>\n* El 21 ser\u00e1 el \u201cAniversario Fundacional de Avellaneda\u201d.<\/p>\n<p>En el Centro<\/p>\n<p>* Nelson ser\u00e1 el escenario de la \u201cFiesta Provincial de la Carne\u201d el 4 de enero.<br \/>\n* Del 4 al 21 en Carlos Pellegrini se realizar\u00e1 la 26\u00aa \u201cFiesta Nacional de las Culturas\u201d.<br \/>\n* Mientras que el 10 y 11 se llevar\u00e1 adelante la 39\u00aa edici\u00f3n del tradicional \u201cFestival del Pescador\u201d en Sauce Viejo.<br \/>\n* En tanto, el 16 en Coronda ser\u00e1 la \u201cFiesta Oficial del Deporte Corondino\u201d.<br \/>\n* \u201cLa Fiesta de la Pizza Artesanal\u201d se realizar\u00e1 el 18 en Aurelia.<br \/>\n* Tambi\u00e9n el 18 pero en Santa Rosa de Calchines ser\u00e1 la \u201cFiesta del Islero\u201d.<br \/>\n* El 18 y 19 la ciudad de Santa Fe ser\u00e1 sede de la 1\u00aa \u201cFiesta Provincial de la Chopera\u201d.<br \/>\n* El 25 ser\u00e1 el \u201cAniversario Fundacional de Helvecia\u201d.<br \/>\n* En 25 tambi\u00e9n se realizar\u00e1 en Villa San Jos\u00e9 la 26\u00aa \u201cFiesta Provincial de la Valesana\u201d.<\/p>\n<p>En el Sur<\/p>\n<p>* El 12, el 19 y el 26 se realizar\u00e1 en Tortugas el Festival Tardecitas de Tortugas\u201d.<br \/>\n* El 26 ser\u00e1 la \u201cFiesta Provincial del Trigo\u201d en San Genaro.<\/p>\n","protected":false},"excerpt":{"rendered":"<p>Desde la Secretar\u00eda de Turismo de la Provincia se dio a conocer una nutrida agenda que abarca todas a todas las regiones del territorio santafesino. 30 celebraciones en 30 d\u00edas permitir\u00e1n vivir el ADN santafesino a trav\u00e9s de la cultura. La provincia de Santa Fe ofrece durante todo el a\u00f1o una amplia variedad de actividades [&hellip;]<\/p>\n","protected":false},"author":3,"featured_media":58377,"comment_status":"closed","ping_status":"closed","sticky":false,"template":"","format":"standard","meta":{"_joinchat":[],"footnotes":""},"categories":[60],"tags":[],"class_list":{"0":"post-58376","1":"post","2":"type-post","3":"status-publish","4":"format-standard","5":"has-post-thumbnail","7":"category-provinciales"},"_links":{"self":[{"href":"https:\/\/infovera.com.ar\/web\/wp-json\/wp\/v2\/posts\/58376","targetHints":{"allow":["GET"]}}],"collection":[{"href":"https:\/\/infovera.com.ar\/web\/wp-json\/wp\/v2\/posts"}],"about":[{"href":"https:\/\/infovera.com.ar\/web\/wp-json\/wp\/v2\/types\/post"}],"author":[{"embeddable":true,"href":"https:\/\/infovera.com.ar\/web\/wp-json\/wp\/v2\/users\/3"}],"replies":[{"embeddable":true,"href":"https:\/\/infovera.com.ar\/web\/wp-json\/wp\/v2\/comments?post=58376"}],"version-history":[{"count":0,"href":"https:\/\/infovera.com.ar\/web\/wp-json\/wp\/v2\/posts\/58376\/revisions"}],"wp:featuredmedia":[{"embeddable":true,"href":"https:\/\/infovera.com.ar\/web\/wp-json\/wp\/v2\/media\/58377"}],"wp:attachment":[{"href":"https:\/\/infovera.com.ar\/web\/wp-json\/wp\/v2\/media?parent=58376"}],"wp:term":[{"taxonomy":"category","embeddable":true,"href":"https:\/\/infovera.com.ar\/web\/wp-json\/wp\/v2\/categories?post=58376"},{"taxonomy":"post_tag","embeddable":true,"href":"https:\/\/infovera.com.ar\/web\/wp-json\/wp\/v2\/tags?post=58376"}],"curies":[{"name":"wp","href":"https:\/\/api.w.org\/{rel}","templated":true}]}}