{"id":58373,"date":"2025-01-02T13:52:24","date_gmt":"2025-01-02T16:52:24","guid":{"rendered":"https:\/\/infovera.com.ar\/web\/?p=58373"},"modified":"2025-01-02T13:52:24","modified_gmt":"2025-01-02T16:52:24","slug":"operativo-verano-se-controlaron-4-603-vehiculos-en-173-operativos-durante-este-fin-de-ano","status":"publish","type":"post","link":"https:\/\/infovera.com.ar\/web\/2025\/01\/02\/operativo-verano-se-controlaron-4-603-vehiculos-en-173-operativos-durante-este-fin-de-ano\/","title":{"rendered":"Operativo Verano: se controlaron 4.603 veh\u00edculos en 173 operativos durante este Fin de A\u00f1o"},"content":{"rendered":"<p>En el marco del Operativo Verano, con el objetivo de promover traslados m\u00e1s seguros durante las fiestas, el Gobierno de la Provincia despleg\u00f3 un operativo de seguridad vial en los principales corredores santafesinos durante las jornadas del 31 de diciembre y 1 de enero.<\/p>\n<p data-removefontsize=\"true\" data-originalcomputedfontsize=\"18\">De este modo, con la coordinaci\u00f3n de la Agencia Provincial de Seguridad Vial (APSV) y apoyo de la Polic\u00eda de Seguridad Vial (PSV), se realizaron controles en puntos estrat\u00e9gicos de las rutas provinciales en el marco del sensible incremento del tr\u00e1nsito motivado por las celebraciones y el comienzo de las vacaciones.<\/p>\n<p><img decoding=\"async\" src=\"https:\/\/ci3.googleusercontent.com\/meips\/ADKq_NYKsUnvF_TRF9vJkEn6p_WDfMngeWe_WDEUqEWTdBSSQssO0MZT0tNpEZ6iXxmHeL-2oSWv2Y2VR-1H0fRfE4x5-84GzEKEu3RwTi64gSkmrRJCuW-DTzMHCFhXinm62q6fK7RkeAIhsK_Mgds=s0-d-e1-ft#https:\/\/www.santafe.gov.ar\/noticias\/recursos\/fotos\/2025\/01\/2025-01-02NID_282034O_2.jpeg\" alt=\"\" \/><\/p>\n<p data-removefontsize=\"true\" data-originalcomputedfontsize=\"18\">De este modo, desde la APSV informaron que se fiscalizaron 4.603 veh\u00edculos en 173 puntos estrat\u00e9gicos, resultando 30 alcoholemias positivas sancionables y 6 veh\u00edculos remitidos. Cabe destacar que en el mismo per\u00edodo del 2024 se hab\u00edan realizado 151 operativos de control en las rutas de la provincia, lo que representa un aumento del 13 %, y la cantidad de veh\u00edculos controlados el a\u00f1o pasado fue de 3.317, lo que significa un incremento del 39 %. Las alcoholemias positivas bajaron un 43 % con respecto a Fin de A\u00f1o de 2023-2024, ya que se hab\u00edan detectado 43 resultados positivos.<\/p>\n<p data-removefontsize=\"true\" data-originalcomputedfontsize=\"18\">\u201cNuestro objetivo es mantener el control en las rutas y fortalecerlo en per\u00edodos de aumento de circulaci\u00f3n para detectar conductas que ponen en riesgo a todos. La presencia permanente de la Polic\u00eda de Seguridad Vial nos permite prevenir siniestros viales en las rutas de la provincia\u201d, explicaron desde el organismo provincial.<\/p>\n<p><img decoding=\"async\" src=\"https:\/\/ci3.googleusercontent.com\/meips\/ADKq_NZQ4wayS9SE0MSdtCjJUGTjTuVwhuues7mity08XWRlnulZrQqZUFJls98ss-K-zapUfO7YzV9OzMCD-bj2fvrm8gnB98073nTjhB--p_I8r9QUW2i-myvpMB4RF0kUY8Jx91vuJKWU_mkLWFo=s0-d-e1-ft#https:\/\/www.santafe.gov.ar\/noticias\/recursos\/fotos\/2025\/01\/2025-01-02NID_282034O_3.jpeg\" alt=\"\" \/><\/p>\n<p data-removefontsize=\"true\" data-originalcomputedfontsize=\"18\">Los procedimientos incluyeron la verificaci\u00f3n de distintas conductas de riesgo y normas de tr\u00e1nsito como la documentaci\u00f3n obligatoria, la cantidad de pasajeros y el uso de dispositivos de seguridad, como cintur\u00f3n, cascos y Sistema de Retenci\u00f3n Infantil (SRI).<\/p>\n","protected":false},"excerpt":{"rendered":"<p>En el marco del Operativo Verano, con el objetivo de promover traslados m\u00e1s seguros durante las fiestas, el Gobierno de la Provincia despleg\u00f3 un operativo de seguridad vial en los principales corredores santafesinos durante las jornadas del 31 de diciembre y 1 de enero. De este modo, con la coordinaci\u00f3n de la Agencia Provincial de [&hellip;]<\/p>\n","protected":false},"author":3,"featured_media":58374,"comment_status":"closed","ping_status":"closed","sticky":false,"template":"","format":"standard","meta":{"_joinchat":[],"footnotes":""},"categories":[60],"tags":[],"class_list":{"0":"post-58373","1":"post","2":"type-post","3":"status-publish","4":"format-standard","5":"has-post-thumbnail","7":"category-provinciales"},"_links":{"self":[{"href":"https:\/\/infovera.com.ar\/web\/wp-json\/wp\/v2\/posts\/58373","targetHints":{"allow":["GET"]}}],"collection":[{"href":"https:\/\/infovera.com.ar\/web\/wp-json\/wp\/v2\/posts"}],"about":[{"href":"https:\/\/infovera.com.ar\/web\/wp-json\/wp\/v2\/types\/post"}],"author":[{"embeddable":true,"href":"https:\/\/infovera.com.ar\/web\/wp-json\/wp\/v2\/users\/3"}],"replies":[{"embeddable":true,"href":"https:\/\/infovera.com.ar\/web\/wp-json\/wp\/v2\/comments?post=58373"}],"version-history":[{"count":0,"href":"https:\/\/infovera.com.ar\/web\/wp-json\/wp\/v2\/posts\/58373\/revisions"}],"wp:featuredmedia":[{"embeddable":true,"href":"https:\/\/infovera.com.ar\/web\/wp-json\/wp\/v2\/media\/58374"}],"wp:attachment":[{"href":"https:\/\/infovera.com.ar\/web\/wp-json\/wp\/v2\/media?parent=58373"}],"wp:term":[{"taxonomy":"category","embeddable":true,"href":"https:\/\/infovera.com.ar\/web\/wp-json\/wp\/v2\/categories?post=58373"},{"taxonomy":"post_tag","embeddable":true,"href":"https:\/\/infovera.com.ar\/web\/wp-json\/wp\/v2\/tags?post=58373"}],"curies":[{"name":"wp","href":"https:\/\/api.w.org\/{rel}","templated":true}]}}