{"id":58370,"date":"2025-01-02T13:49:08","date_gmt":"2025-01-02T16:49:08","guid":{"rendered":"https:\/\/infovera.com.ar\/web\/?p=58370"},"modified":"2025-01-02T13:49:08","modified_gmt":"2025-01-02T16:49:08","slug":"provincia-extiende-plazos-para-tramitar-emergencia-agropecuaria","status":"publish","type":"post","link":"https:\/\/infovera.com.ar\/web\/2025\/01\/02\/provincia-extiende-plazos-para-tramitar-emergencia-agropecuaria\/","title":{"rendered":"Provincia extiende plazos para tramitar emergencia agropecuaria"},"content":{"rendered":"<p>El Gobierno de la Provincia, a trav\u00e9s del Ministerio de Desarrollo Productivo, extendi\u00f3 hasta el viernes 10 de enero el plazo para presentar las declaraciones juradas y tramitar la Emergencia Agropecuaria por sequ\u00eda que se encuentra vigente para aquellos productores cuyas explotaciones est\u00e9n ubicadas en localidades de los departamentos 9 de Julio, Vera, General Obligado y San Crist\u00f3bal.<\/p>\n<p data-removefontsize=\"true\" data-originalcomputedfontsize=\"18\">El proceso de solicitud para acceder a estos beneficios se realiza de forma digital y est\u00e1 disponible en la web oficial del gobierno de Santa Fe &#8211; <a href=\"https:\/\/www.santafe.gov.ar\/index.php\/web\/content\/view\/full\/249892\/(subtema)\/93794\" target=\"_blank\" rel=\"noopener noreferrer\" data-saferedirecturl=\"https:\/\/www.google.com\/url?q=https:\/\/www.santafe.gov.ar\/index.php\/web\/content\/view\/full\/249892\/(subtema)\/93794&amp;source=gmail&amp;ust=1735919004639000&amp;usg=AOvVaw3aU7h3vHm-M2KsAGYZni8X\" data-removefontsize=\"true\" data-originalcomputedfontsize=\"18\">https:\/\/www.santafe.gov.ar\/<wbr \/>index.php\/web\/content\/view\/<wbr \/>full\/249892\/(subtema)\/93794<\/a> -.<\/p>\n<p data-removefontsize=\"true\" data-originalcomputedfontsize=\"18\">Vale recordar que por el Decreto N\u00b0 1936\/24 se dispuso el estado de emergencia y\/o desastre agropecuario desde el 1\u00ba de septiembre de 2024 al 28 de febrero de 2025 en los departamentos antes mencionados. Para aquellos productores que obtengan el Certificado de Desastre Agropecuario, se establece la condonaci\u00f3n de las cuotas 5\u00b0 y 6\u00b0 del Impuesto Inmobiliario Rural y Urbano de 2024, adem\u00e1s de las cuotas de 2025 cuyos vencimientos se produzcan hasta el 28 de febrero del mismo a\u00f1o. En caso de que los productores ya hubieran abonado estas cuotas, la Administraci\u00f3n Provincial de Impuestos emitir\u00e1 certificados de cr\u00e9dito fiscal o proceder\u00e1 a la devoluci\u00f3n correspondiente.<\/p>\n<p data-removefontsize=\"true\" data-originalcomputedfontsize=\"18\">Adicionalmente, se ha dispuesto la suspensi\u00f3n de juicios y acciones administrativas por el cobro de impuestos durante un per\u00edodo de 180 d\u00edas posteriores al per\u00edodo de emergencia agropecuaria, beneficiando as\u00ed a los productores en situaci\u00f3n de emergencia o desastre.<\/p>\n","protected":false},"excerpt":{"rendered":"<p>El Gobierno de la Provincia, a trav\u00e9s del Ministerio de Desarrollo Productivo, extendi\u00f3 hasta el viernes 10 de enero el plazo para presentar las declaraciones juradas y tramitar la Emergencia Agropecuaria por sequ\u00eda que se encuentra vigente para aquellos productores cuyas explotaciones est\u00e9n ubicadas en localidades de los departamentos 9 de Julio, Vera, General Obligado [&hellip;]<\/p>\n","protected":false},"author":3,"featured_media":58371,"comment_status":"closed","ping_status":"closed","sticky":false,"template":"","format":"standard","meta":{"_joinchat":[],"footnotes":""},"categories":[60],"tags":[],"class_list":{"0":"post-58370","1":"post","2":"type-post","3":"status-publish","4":"format-standard","5":"has-post-thumbnail","7":"category-provinciales"},"_links":{"self":[{"href":"https:\/\/infovera.com.ar\/web\/wp-json\/wp\/v2\/posts\/58370","targetHints":{"allow":["GET"]}}],"collection":[{"href":"https:\/\/infovera.com.ar\/web\/wp-json\/wp\/v2\/posts"}],"about":[{"href":"https:\/\/infovera.com.ar\/web\/wp-json\/wp\/v2\/types\/post"}],"author":[{"embeddable":true,"href":"https:\/\/infovera.com.ar\/web\/wp-json\/wp\/v2\/users\/3"}],"replies":[{"embeddable":true,"href":"https:\/\/infovera.com.ar\/web\/wp-json\/wp\/v2\/comments?post=58370"}],"version-history":[{"count":0,"href":"https:\/\/infovera.com.ar\/web\/wp-json\/wp\/v2\/posts\/58370\/revisions"}],"wp:featuredmedia":[{"embeddable":true,"href":"https:\/\/infovera.com.ar\/web\/wp-json\/wp\/v2\/media\/58371"}],"wp:attachment":[{"href":"https:\/\/infovera.com.ar\/web\/wp-json\/wp\/v2\/media?parent=58370"}],"wp:term":[{"taxonomy":"category","embeddable":true,"href":"https:\/\/infovera.com.ar\/web\/wp-json\/wp\/v2\/categories?post=58370"},{"taxonomy":"post_tag","embeddable":true,"href":"https:\/\/infovera.com.ar\/web\/wp-json\/wp\/v2\/tags?post=58370"}],"curies":[{"name":"wp","href":"https:\/\/api.w.org\/{rel}","templated":true}]}}