{"id":58303,"date":"2024-12-29T13:38:45","date_gmt":"2024-12-29T16:38:45","guid":{"rendered":"https:\/\/infovera.com.ar\/web\/?p=58303"},"modified":"2024-12-29T13:38:45","modified_gmt":"2024-12-29T16:38:45","slug":"fue-detenido-un-joven-que-robo-una-moto","status":"publish","type":"post","link":"https:\/\/infovera.com.ar\/web\/2024\/12\/29\/fue-detenido-un-joven-que-robo-una-moto\/","title":{"rendered":"Fue detenido un joven que rob\u00f3 una moto"},"content":{"rendered":"<p>A ra\u00edz de la denuncia radicada por un joven de 24 a\u00f1os, que dio cuenta que siendo las 2 autor\/es ignorados le sustrajeron su moto Guerrero 110 cc, la que se hallaba estacionada en la v\u00eda p\u00fablica sin medidas de seguridad, efectivos del Comando Radioel\u00e9ctrico observaron por calle Urquiza al 2000 el desplazamiento de un joven que llevaba a la par el ciclomotor.<\/p>\n<p>Al notar la presencia policial el causante trata de evadirse no logrando su cometido.<\/p>\n<p>Individualizado e identificado (mayor de edad), fue aprehendido y trasladado a sede policial junto al secuestro preventivo del motoveh\u00edculo, el cual result\u00f3 ser el denunciado como sustra\u00eddo.<\/p>\n<p>Qued\u00f3 alojado en la secci\u00f3n alcaid\u00eda.<\/p>\n","protected":false},"excerpt":{"rendered":"<p>A ra\u00edz de la denuncia radicada por un joven de 24 a\u00f1os, que dio cuenta que siendo las 2 autor\/es ignorados le sustrajeron su moto Guerrero 110 cc, la que se hallaba estacionada en la v\u00eda p\u00fablica sin medidas de seguridad, efectivos del Comando Radioel\u00e9ctrico observaron por calle Urquiza al 2000 el desplazamiento de un [&hellip;]<\/p>\n","protected":false},"author":3,"featured_media":58304,"comment_status":"closed","ping_status":"closed","sticky":false,"template":"","format":"standard","meta":{"_joinchat":[],"footnotes":""},"categories":[30,53],"tags":[],"class_list":{"0":"post-58303","1":"post","2":"type-post","3":"status-publish","4":"format-standard","5":"has-post-thumbnail","7":"category-policiales","8":"category-vera"},"_links":{"self":[{"href":"https:\/\/infovera.com.ar\/web\/wp-json\/wp\/v2\/posts\/58303","targetHints":{"allow":["GET"]}}],"collection":[{"href":"https:\/\/infovera.com.ar\/web\/wp-json\/wp\/v2\/posts"}],"about":[{"href":"https:\/\/infovera.com.ar\/web\/wp-json\/wp\/v2\/types\/post"}],"author":[{"embeddable":true,"href":"https:\/\/infovera.com.ar\/web\/wp-json\/wp\/v2\/users\/3"}],"replies":[{"embeddable":true,"href":"https:\/\/infovera.com.ar\/web\/wp-json\/wp\/v2\/comments?post=58303"}],"version-history":[{"count":0,"href":"https:\/\/infovera.com.ar\/web\/wp-json\/wp\/v2\/posts\/58303\/revisions"}],"wp:featuredmedia":[{"embeddable":true,"href":"https:\/\/infovera.com.ar\/web\/wp-json\/wp\/v2\/media\/58304"}],"wp:attachment":[{"href":"https:\/\/infovera.com.ar\/web\/wp-json\/wp\/v2\/media?parent=58303"}],"wp:term":[{"taxonomy":"category","embeddable":true,"href":"https:\/\/infovera.com.ar\/web\/wp-json\/wp\/v2\/categories?post=58303"},{"taxonomy":"post_tag","embeddable":true,"href":"https:\/\/infovera.com.ar\/web\/wp-json\/wp\/v2\/tags?post=58303"}],"curies":[{"name":"wp","href":"https:\/\/api.w.org\/{rel}","templated":true}]}}