{"id":58236,"date":"2024-12-24T10:21:02","date_gmt":"2024-12-24T13:21:02","guid":{"rendered":"https:\/\/infovera.com.ar\/web\/?p=58236"},"modified":"2024-12-25T16:51:40","modified_gmt":"2024-12-25T19:51:40","slug":"la-quinta-hizo-gala-de-transparencia-e-inversion-con-la-reinauguracion-de-su-cocina-taller","status":"publish","type":"post","link":"https:\/\/infovera.com.ar\/web\/2024\/12\/24\/la-quinta-hizo-gala-de-transparencia-e-inversion-con-la-reinauguracion-de-su-cocina-taller\/","title":{"rendered":"La Quinta hizo gala de transparencia e inversi\u00f3n con la reinauguraci\u00f3n de su cocina taller"},"content":{"rendered":"<p>La Asociaci\u00f3n civil \u201cLa Quinta\u201d, que acaba de cumplir sus 25 a\u00f1os de trayectoria de trabajo territorial ininterrumpido e incuestionable, gan\u00f3 otro concurso de proyectos a nivel nacional, en este caso organizado por ANDIS en el marco del Programa de \u201cFortalecimiento de Unidades Productivas\u201d, que premia a instituciones con trayectoria y proyectos de incidencia territorial.<\/p>\n<p>El d\u00eda s\u00e1bado 21 de diciembre fue el d\u00eda elegido para mostrar a la comunidad la inversi\u00f3n realizada. Con invitaci\u00f3n abierta, la cita fue dirigida a quienes quieran conocer las nuevas instalaciones, hacer un recorrido y dialogar sobre este y otros proyectos en vigencia y proyecciones al 2025.<\/p>\n<p>El presidente de la entidad, el Prof. Cristian Aranda, explic\u00f3 que con el dinero obtenido pudieron renovar totalmente el \u00e1mbito de trabajo adquiriendo nuevo mobiliario y equipamiento, recalcando que en la compra se prioriz\u00f3 apoyar al comercio local.<\/p>\n<p>El proyecto presentado: &#8220;Sabores: Aprendiendo a Cocinar\u201d, es una iniciativa que va creciendo a\u00f1o a a\u00f1o e invita a capacitarse en Cocina, Panader\u00eda y Reposter\u00eda, brind\u00e1ndoles herramientas, ampliando el \u00e1mbito laboral a trav\u00e9s de actividades relacionadas con la cocina, panificaci\u00f3n y reposter\u00eda; aportando al desarrollo social y econ\u00f3mico de la localidad.<\/p>\n<p>Al margen de los talleres y cursos que se dictan a cargo de la capacitadora Irene Perlman, el espacio es tambi\u00e9n utilizado como actividades complementarias de establecimientos educativos de la ciudad que llevan adelante proyectos de Orientaci\u00f3n en Contextos Laborales y un espacio muy especial dedicado a las infancias en la cocina taller. Adem\u00e1s, del servicio de merienda que brindan a ni\u00f1os y ni\u00f1as de Martes a S\u00e1bado, durante todo el a\u00f1o.<\/p>\n<p><a href=\"https:\/\/infovera.com.ar\/web\/wp-content\/uploads\/2024\/12\/q2.jpg\"><img loading=\"lazy\" decoding=\"async\" class=\"alignleft size-full wp-image-58238\" src=\"https:\/\/infovera.com.ar\/web\/wp-content\/uploads\/2024\/12\/q2.jpg\" alt=\"\" width=\"1280\" height=\"854\" srcset=\"https:\/\/infovera.com.ar\/web\/wp-content\/uploads\/2024\/12\/q2.jpg 1280w, https:\/\/infovera.com.ar\/web\/wp-content\/uploads\/2024\/12\/q2-696x464.jpg 696w, https:\/\/infovera.com.ar\/web\/wp-content\/uploads\/2024\/12\/q2-1068x713.jpg 1068w, https:\/\/infovera.com.ar\/web\/wp-content\/uploads\/2024\/12\/q2-630x420.jpg 630w\" sizes=\"auto, (max-width: 1280px) 100vw, 1280px\" \/><\/a><a href=\"https:\/\/infovera.com.ar\/web\/wp-content\/uploads\/2024\/12\/q1.jpg\"><img loading=\"lazy\" decoding=\"async\" class=\"alignleft size-full wp-image-58237\" src=\"https:\/\/infovera.com.ar\/web\/wp-content\/uploads\/2024\/12\/q1.jpg\" alt=\"\" width=\"1280\" height=\"854\" srcset=\"https:\/\/infovera.com.ar\/web\/wp-content\/uploads\/2024\/12\/q1.jpg 1280w, https:\/\/infovera.com.ar\/web\/wp-content\/uploads\/2024\/12\/q1-696x464.jpg 696w, https:\/\/infovera.com.ar\/web\/wp-content\/uploads\/2024\/12\/q1-1068x713.jpg 1068w, https:\/\/infovera.com.ar\/web\/wp-content\/uploads\/2024\/12\/q1-630x420.jpg 630w\" sizes=\"auto, (max-width: 1280px) 100vw, 1280px\" \/><\/a><\/p>\n","protected":false},"excerpt":{"rendered":"<p>La Asociaci\u00f3n civil \u201cLa Quinta\u201d, que acaba de cumplir sus 25 a\u00f1os de trayectoria de trabajo territorial ininterrumpido e incuestionable, gan\u00f3 otro concurso de proyectos a nivel nacional, en este caso organizado por ANDIS en el marco del Programa de \u201cFortalecimiento de Unidades Productivas\u201d, que premia a instituciones con trayectoria y proyectos de incidencia territorial. [&hellip;]<\/p>\n","protected":false},"author":3,"featured_media":58239,"comment_status":"closed","ping_status":"closed","sticky":false,"template":"","format":"standard","meta":{"_joinchat":[],"footnotes":""},"categories":[53],"tags":[],"class_list":{"0":"post-58236","1":"post","2":"type-post","3":"status-publish","4":"format-standard","5":"has-post-thumbnail","7":"category-vera"},"_links":{"self":[{"href":"https:\/\/infovera.com.ar\/web\/wp-json\/wp\/v2\/posts\/58236","targetHints":{"allow":["GET"]}}],"collection":[{"href":"https:\/\/infovera.com.ar\/web\/wp-json\/wp\/v2\/posts"}],"about":[{"href":"https:\/\/infovera.com.ar\/web\/wp-json\/wp\/v2\/types\/post"}],"author":[{"embeddable":true,"href":"https:\/\/infovera.com.ar\/web\/wp-json\/wp\/v2\/users\/3"}],"replies":[{"embeddable":true,"href":"https:\/\/infovera.com.ar\/web\/wp-json\/wp\/v2\/comments?post=58236"}],"version-history":[{"count":0,"href":"https:\/\/infovera.com.ar\/web\/wp-json\/wp\/v2\/posts\/58236\/revisions"}],"wp:featuredmedia":[{"embeddable":true,"href":"https:\/\/infovera.com.ar\/web\/wp-json\/wp\/v2\/media\/58239"}],"wp:attachment":[{"href":"https:\/\/infovera.com.ar\/web\/wp-json\/wp\/v2\/media?parent=58236"}],"wp:term":[{"taxonomy":"category","embeddable":true,"href":"https:\/\/infovera.com.ar\/web\/wp-json\/wp\/v2\/categories?post=58236"},{"taxonomy":"post_tag","embeddable":true,"href":"https:\/\/infovera.com.ar\/web\/wp-json\/wp\/v2\/tags?post=58236"}],"curies":[{"name":"wp","href":"https:\/\/api.w.org\/{rel}","templated":true}]}}