{"id":58215,"date":"2024-12-22T11:47:36","date_gmt":"2024-12-22T14:47:36","guid":{"rendered":"https:\/\/infovera.com.ar\/web\/?p=58215"},"modified":"2024-12-23T08:23:48","modified_gmt":"2024-12-23T11:23:48","slug":"vera-dos-hombres-fueron-demorados-por-agredir-y-amenazar-a-un-vecino","status":"publish","type":"post","link":"https:\/\/infovera.com.ar\/web\/2024\/12\/22\/vera-dos-hombres-fueron-demorados-por-agredir-y-amenazar-a-un-vecino\/","title":{"rendered":"Vera: dos hombres fueron demorados por agredir y amenazar a un vecino"},"content":{"rendered":"<p>En horas del mediod\u00eda del s\u00e1bado, numerarios de la Secci\u00f3n Comando Radioel\u00e9ctrico tomaron intervenci\u00f3n en un caso ocurrido en la zona oeste de Vera.<\/p>\n<p>En ese cuadrante de la zona urbana un vecino denunci\u00f3 haber sufrido agresi\u00f3n f\u00edsica y amenazas por parte de un sujeto que luego se retir\u00f3 del lugar en una camioneta Chevrolet S10 de color verde.<\/p>\n<p>De patrullajes efectuados, personal de la Secci\u00f3n Motorizada logr\u00f3 individualizar en la misma zona de la ciudad al presunto autor, quien se movilizaba en el veh\u00edculo descripto por el damnificado.<\/p>\n<p>Se trat\u00f3 de un hombre de apellido Cisneros, de 38 a\u00f1os, que iba acompa\u00f1ado por otro de 68 a\u00f1os, ambos domiciliados en esta ciudad; de requisa, en el veh\u00edculo se le secuestr\u00f3 preventivamente elementos que interesan a la investigaci\u00f3n: una escopeta, dos cuchillos, un rebenque y un ca\u00f1o de hierro.<\/p>\n<p>Los dos fueron a sede policial. El fiscal de turno orden\u00f3 diligencias a seguir y dispuso que sigan en libertad.<\/p>\n","protected":false},"excerpt":{"rendered":"<p>En horas del mediod\u00eda del s\u00e1bado, numerarios de la Secci\u00f3n Comando Radioel\u00e9ctrico tomaron intervenci\u00f3n en un caso ocurrido en la zona oeste de Vera. En ese cuadrante de la zona urbana un vecino denunci\u00f3 haber sufrido agresi\u00f3n f\u00edsica y amenazas por parte de un sujeto que luego se retir\u00f3 del lugar en una camioneta Chevrolet [&hellip;]<\/p>\n","protected":false},"author":3,"featured_media":58216,"comment_status":"closed","ping_status":"closed","sticky":false,"template":"","format":"standard","meta":{"_joinchat":[],"footnotes":""},"categories":[30,53],"tags":[],"class_list":{"0":"post-58215","1":"post","2":"type-post","3":"status-publish","4":"format-standard","5":"has-post-thumbnail","7":"category-policiales","8":"category-vera"},"_links":{"self":[{"href":"https:\/\/infovera.com.ar\/web\/wp-json\/wp\/v2\/posts\/58215","targetHints":{"allow":["GET"]}}],"collection":[{"href":"https:\/\/infovera.com.ar\/web\/wp-json\/wp\/v2\/posts"}],"about":[{"href":"https:\/\/infovera.com.ar\/web\/wp-json\/wp\/v2\/types\/post"}],"author":[{"embeddable":true,"href":"https:\/\/infovera.com.ar\/web\/wp-json\/wp\/v2\/users\/3"}],"replies":[{"embeddable":true,"href":"https:\/\/infovera.com.ar\/web\/wp-json\/wp\/v2\/comments?post=58215"}],"version-history":[{"count":0,"href":"https:\/\/infovera.com.ar\/web\/wp-json\/wp\/v2\/posts\/58215\/revisions"}],"wp:featuredmedia":[{"embeddable":true,"href":"https:\/\/infovera.com.ar\/web\/wp-json\/wp\/v2\/media\/58216"}],"wp:attachment":[{"href":"https:\/\/infovera.com.ar\/web\/wp-json\/wp\/v2\/media?parent=58215"}],"wp:term":[{"taxonomy":"category","embeddable":true,"href":"https:\/\/infovera.com.ar\/web\/wp-json\/wp\/v2\/categories?post=58215"},{"taxonomy":"post_tag","embeddable":true,"href":"https:\/\/infovera.com.ar\/web\/wp-json\/wp\/v2\/tags?post=58215"}],"curies":[{"name":"wp","href":"https:\/\/api.w.org\/{rel}","templated":true}]}}