{"id":58129,"date":"2024-12-18T21:09:26","date_gmt":"2024-12-19T00:09:26","guid":{"rendered":"https:\/\/infovera.com.ar\/web\/?p=58129"},"modified":"2024-12-19T17:56:29","modified_gmt":"2024-12-19T20:56:29","slug":"informe-del-fiscal-regional-se-incrementaron-los-delitos-sexuales-y-crecio-la-violencia-barrial-lesiva-en-el-norte","status":"publish","type":"post","link":"https:\/\/infovera.com.ar\/web\/2024\/12\/18\/informe-del-fiscal-regional-se-incrementaron-los-delitos-sexuales-y-crecio-la-violencia-barrial-lesiva-en-el-norte\/","title":{"rendered":"Informe del fiscal regional: se incrementaron los delitos sexuales y creci\u00f3 la violencia barrial lesiva en el norte"},"content":{"rendered":"<p>Como cada a\u00f1o para esta fecha, el jefe de los fiscales del norte santafesino hizo p\u00fablico en su informe anual de gesti\u00f3n las actividades y resultados del a\u00f1o 2023. El regional Rub\u00e9n Mart\u00ednez desgran\u00f3 uno a uno los \u00edtems destacados de la labor de persecuci\u00f3n penal en un racconto de 36 p\u00e1ginas en el que pudo apreciarse que sigue sin hallar soluci\u00f3n la problem\u00e1tica de la escasez de fiscales en la Cuarta Circunscripci\u00f3n Judicial.<\/p>\n<p>Para el funcionario, probablemente la causa m\u00e1s importante de un servicio deficiente de justicia se debe al d\u00e9ficit cr\u00f3nico de los recursos humanos: la FR4 es la que menos fiscales y empleados tiene de todas las fiscal\u00edas regionales. Espec\u00edficamente, describi\u00f3 que en el a\u00f1o 2023 hab\u00eda 8 fiscales trabajando, un n\u00famero exiguo y hasta menor que desde el inicio del nuevo sistema procesal penal, cuando la plantilla era de 9 al tiempo que la carga laboral era cero. Mart\u00ednez reforz\u00f3 ese dato con otro complementario: \u201c(\u2026) en el transcurso de 9 a\u00f1os (2014\/2023) solamente se efectivizaron a esta regional 6) cargos, lo cual solo hizo que se consolide el d\u00e9ficit. Hay fiscal\u00edas regionales con menos ingreso total de causas que la FR4 y tienen hasta 15 empleados m\u00e1s de planta permanente. Al respecto, no hubo un plan de contingencia para modificar esta situaci\u00f3n\u201d.<\/p>\n<p>En su rol de titular de la delegaci\u00f3n norte\u00f1a del MPA, rese\u00f1\u00f3 que, dentro de las pol\u00edticas de persecuci\u00f3n penal establecidas por la Fiscal\u00eda General, se prioriz\u00f3 desde \u201cuna visi\u00f3n local aquellas que por sus caracter\u00edsticas, numerosidad y lesi\u00f3n de los bienes jur\u00eddicos protegidos cobran una mayor relevancia para la respuesta penal, pero tambi\u00e9n para la paz y tranquilidad social\u201d.<\/p>\n<p>En esa l\u00ednea, relev\u00f3 el abordaje de casos complejos, tales como, femicidio, homicidios, robos calificados, estafas complejas, delitos inform\u00e1ticos, violencia de g\u00e9nero, delitos sexuales y delitos cometidos por bandas organizadas y con participaci\u00f3n de personas de otras localidades e incluso de otras provincias, que requirieron investigaciones con formatos novedosos y no habituales. Como ejemplo de casos de delitos inform\u00e1ticos cit\u00f3 \u201cun hecho perpetrado por una organizaci\u00f3n delictiva brasile\u00f1a de alcance internacional\u201d.<\/p>\n<p>Con referencia al combate al delito junto a otras fuerzas, destac\u00f3 que \u201cen delitos de narcotr\u00e1fico se trabaj\u00f3 en colaboraci\u00f3n formal con la Fiscal\u00eda Federal de Reconquista; en delitos rurales se realizaron detecciones, capturas y detenciones de personas requeridas por distintas instancias sociales y judiciales. Tambi\u00e9n, se realizaron b\u00fasquedas de personas desaparecidas y, sobre el final del a\u00f1o, con la sanci\u00f3n de la ley 14.239, se comenzaron a trabajar delitos de microtr\u00e1fico\u201d.<\/p>\n<p><strong>Barrios conflictuados<\/strong><\/p>\n<p>El fiscal dedic\u00f3 un apartado especial a dos tipos de conductas delictivas que ganaron presencia en la regi\u00f3n. Primeramente, resalt\u00f3 \u201cun fen\u00f3meno que se viene incrementando notablemente y que podemos denominar violencia barrial\u201d, a la que consider\u00f3 como \u201cprincipal causa de los homicidios dolosos ocurridos en nuestra zona\u201d. Al respecto, formul\u00f3 que \u201ces verdad que tal problem\u00e1tica no puede ser abordada desde la \u00f3ptica del derecho penal o del actuar policial solamente, sino que representa una situaci\u00f3n que debe contemplarse desde un trabajo multiagencial, que venimos reclamando en nuestros anteriores informes.<\/p>\n<p>\u201cEl flagelo de la venta de estupefacientes -microtr\u00e1fiico- y el elevado consumo, especialmente en los adolescentes y j\u00f3venes de alta vulnerabilidad, no hace m\u00e1s que acrecentar esta situaci\u00f3n\u201d, asegur\u00f3, para luego lamentar que haya sido \u201cen vano ha resultado nuestra intenci\u00f3n de implementar un trabajo multiagencial o bien una Intervenci\u00f3n Barrial Focalizada (IBF), tal como las realizadas en ciudades del sur santafesino\u201d. \u201cTememos que, de continuar en esta situaci\u00f3n, sin los programas de intervenci\u00f3n, pronto nos encontraremos con similares situaciones\u201d a las que se viven en las ciudades m\u00e1s grandes, vaticin\u00f3.<\/p>\n<p>El regional apunt\u00f3 a las armas de fuego como factor facilitador de violencias y precis\u00f3 que en esta regi\u00f3n \u201cmerece ser destacada la gran incidencia de las armas de fuego de fabricaci\u00f3n casera, conocidas como \u2018tumberas\u2019, en hechos que materializan la circulaci\u00f3n de violencia\u201d sobre todo \u201cen las periferias urbanas en donde viven sectores poblacionales con carencias estructurales y necesidades b\u00e1sicas negadas. \u201cEl flagelo de la violencia altamente lesiva se hace carne, principalmente, en los varones j\u00f3venes que habitan dichas periferias haciendo ostensible el fen\u00f3meno conocido como sobre-desprotecci\u00f3n y sobre-criminalizaci\u00f3n\u201d, contextualiz\u00f3.<\/p>\n<p>En segundo lugar, se refiri\u00f3 al incremento de los delitos contra la integridad sexual. \u201cSe cuenta con un total de 312 legajos creados sobre delitos contra la integridad sexual en el marco de la FR4, en contraste con el a\u00f1o 2022 donde se crearon un total de 260 legajos, lo que denota un crecimiento significativo del 20 %\u201d, tabul\u00f3.<\/p>\n<p>A ello respondi\u00f3 la decisi\u00f3n de reforzar la Unidad Fiscal Especial de Violencia de G\u00e9nero, Sexual y Familiar, dot\u00e1ndola de mayores recursos, no s\u00f3lo en cuanto a \u00f3rganos fiscales, sino tambi\u00e9n profesionales que colaboren en tal problem\u00e1tica que representa un volumen alt\u00edsimo de los delitos de mayor lesividad en la Circunscripci\u00f3n, manifest\u00f3 el Dr. Mart\u00ednez.<\/p>\n<p><strong>Profundos cambios<\/strong><\/p>\n<p>En el plano institucional y a la hora de sintetizar las fortalezas, las debilidades, las amenazas y las oportunidades de la FR4, el fiscal regional hizo alusi\u00f3n a \u201clos profundos cambios introducidos por las reformas legislativas vinculadas al sistema de justicia penal, las vinculaciones interinstitucionales que necesariamente deben mantener con los distintos poderes, la nueva relaci\u00f3n con las v\u00edctimas a partir de la Ley 14.181 y la adaptaci\u00f3n funcional interna del MPA para adecuarse a los nuevos requerimientos\u201d.<\/p>\n<p>M\u00e1s adelante, verti\u00f3 su cr\u00edtica a la anterior gesti\u00f3n provincial que al no haber efectuado su designaci\u00f3n para un nuevo periodo de 6 a\u00f1os en su cargo gener\u00f3 que \u201cla Fiscal General mediante resoluci\u00f3n me design\u00f3 Fiscal Regional interino, cargo que desempe\u00f1e hasta que el d\u00eda 27 de diciembre del a\u00f1o 2023, cuando las nuevas autoridades del Poder Ejecutivo mediante el decreto correspondiente procedieron a subsanar esa irregularidad institucional\u201d. \u201cEsta situaci\u00f3n, unida a otras que se suscitaron, trajo aparejada diversas experiencias no queridas que reflejaron un marco de incertidumbre, quitaron prestigio a nuestro accionar y demoraron la implementaci\u00f3n de algunas medidas\u201d, fustig\u00f3.<\/p>\n<figure class=\"image\"><img decoding=\"async\" src=\"https:\/\/norte24cdn.eleco.com.ar\/media\/2024\/12\/mpa.jpg\" alt=\"mpa\" \/><figcaption>P\u00fablico presente en la presentaci\u00f3n.<\/figcaption><\/figure>\n<p><strong>Etapas<\/strong><\/p>\n<p>En lo que dividi\u00f3 en dos etapas, dijo que la primera de la nueva gesti\u00f3n consisti\u00f3 en una entrevista con la recientemente designada Fiscal General Dra. Mar\u00eda Cecilia Vranicich en mayo de 2023 en la que present\u00f3 \u201cun extenso escrito se\u00f1alando las necesidades y prioridades de nuestra Regional con el \u00e1nimo de que las nuevas autoridades tengan un conocimiento preciso de la realidad de la Circunscripci\u00f3n y asimismo se constituya en una gu\u00eda de trabajo para ir enmarcando nuestra labor\u201d, mientras que en la segunda se cre\u00f3 la Unidad de Apoyo a las Investigaciones Fiscales Priorizadas dependiente de la Regional y a cargo del Dr. Rolando Galfrascoli como subsecretario de Persecuci\u00f3n Penal, \u201ccon la finalidad de apoyar la labor investigativa de los fiscales, coordinando su accionar con las fuerzas policiales en funci\u00f3n judicial. Ello obedeci\u00f3 a cubrir las necesidades de apoyos a las tareas de los fiscales frente al contexto de escasez de recursos humanos\u201d.<\/p>\n<p><strong>Juicios<\/strong><\/p>\n<p>Durante el a\u00f1o 2023, en el \u00e1mbito de la Fiscal\u00eda Regional 4ta., se llevaron a cabo un total de 19 juicios orales, reflejando el compromiso de la instituci\u00f3n con el debido proceso y la resoluci\u00f3n judicial efectiva de las causas, mensur\u00f3 Rub\u00e9n Mart\u00ednez. Asimismo, agreg\u00f3 qque se resolvieron 125 juicios abreviados, 35 suspensiones de juicio a prueba y se aplicaron 179 criterios de oportunidad, dando fe de la aplicaci\u00f3n de resoluciones alternativas al juicio oral, atendiendo a los principios de celeridad y econom\u00eda procesal. Del mismo modo, a\u00f1adi\u00f3, se registr\u00f3 1 mediaci\u00f3n y 56 conciliaciones, con herramientas que favorecen el di\u00e1logo y la soluci\u00f3n pac\u00edfica de conflictos. \u201c(\u2026) la capacidad log\u00edstica y de recursos humanos nos permitir\u00e1 alcanzar un m\u00e1ximo de 30 juicios orales anuales en toda la Circunscripci\u00f3n, por lo que si bien el n\u00famero de ellos realizado es relevante a\u00fan nos resta una cifra importante de tales respuestas, teniendo presente tambi\u00e9n la pr\u00f3xima implementaci\u00f3n del Juicio por Jurados que seguramente tendr\u00e1 sus consecuencias\u201d, adelant\u00f3.<\/p>\n<p><strong>V\u00edctimas<\/strong><\/p>\n<p>El fiscal regional puntualiz\u00f3 en su repaso que desde antes de la sanci\u00f3n de la ley 14.181 y con mayor raz\u00f3n despu\u00e9s, \u201cla atenci\u00f3n a las v\u00edctimas debe convertirse en una prioridad en nuestro sistema de gesti\u00f3n. Todos los esfuerzos que hacemos los diferentes \u00f3rganos fiscales, secretar\u00edas de gesti\u00f3n e incluso esta Fiscal\u00eda Regional, no aparecen como sincronizados ni organizados de igual forma en las distintas Unidades Fiscales. Resulta imperativo establecer un protocolo a nivel provincial que trace los lineamientos generales para una adecuada atenci\u00f3n y deber\u00e1 venir acompa\u00f1ada de la generaci\u00f3n de puestos de trabajo para personas que tengan especificidad en tal tema\u201d.<\/p>\n<p><strong>Legajos<\/strong><\/p>\n<p>En el a\u00f1o 2023, dentro de la jurisdicci\u00f3n de la Fiscal\u00eda Regional 4 se registraron un total de 16.120 legajos. De estos, 9.212 corresponden a la Unidad Fiscal de Reconquista, 4.241 a la Unidad Fiscal de Vera, 2.638 a la Unidad Fiscal de Las Toscas, y 29 legajos no cuentan con radicaci\u00f3n espec\u00edfica.<\/p>\n<p><strong>A futuro<\/strong><\/p>\n<p>Dentro de los desaf\u00edos futuros propuso fij\u00f3 que \u201cen las diferentes \u00e1reas de la FR4 habr\u00e1 que ahondar esfuerzos para que se respetan los procesos de trabajos, y buenas pr\u00e1cticas, la ausencia de ello trae como consecuencia ser menos eficientes\u201d.<\/p>\n<p><strong>Consejo Asesor<\/strong><\/p>\n<p>Como debilidad del sistema, el regional admiti\u00f3 que \u201cel Consejo Asesor Regional no ha tenido un funcionamiento acorde a lo prescripto por la ley\u201d, y atribuy\u00f3 la cuesti\u00f3n a \u201cdiversas situaciones como la extensi\u00f3n territorial de la Circunscripci\u00f3n, las distintas realidades, y en suma las complejidades que cada regi\u00f3n presenta\u201d, lo cual, hizo que el trabajo se materializara a trav\u00e9s del contacto directo con las autoridades pol\u00edticas, asociaciones de productores, otras instituciones p\u00fablicas o privadas, dirigentes barriales, organizaciones de v\u00edctimas, etc., donde fueron tratadas cada una de las problem\u00e1ticas de cada uno. Sobre este particular, abog\u00f3 por \u201cuna reforma legal en tal sentido, pues crear organismos que no suman eficiencia no aparece como la soluci\u00f3n material que necesita cada regi\u00f3n\u201d.<\/p>\n<p>Para finalizar, inst\u00f3 a sus dirigidos a \u201cprofundizar las acciones de pol\u00edtica institucional que permitan mejorar nuestra comunicaci\u00f3n, resaltando la transparencia de nuestro accionar, destacando nuestras fortalezas, acciones y debilidades. Siempre debemos brindar una respuesta, sin olvidar con empat\u00eda que la satisfacci\u00f3n de la respuesta es consecuencia de la expectativa que se pone en la pregunta y legal\u201d.<img decoding=\"async\" src=\"https:\/\/norte24cdn.eleco.com.ar\/media\/2024\/12\/mpa_1.jpg\" alt=\"mpa\" \/><\/p>\n<figure class=\"image\"><figcaption>Uno de los gr\u00e1ficos con los que el fiscal Mart\u00ednez acompa\u00f1\u00f3 su informe anual.<\/figcaption><\/figure>\n","protected":false},"excerpt":{"rendered":"<p>Como cada a\u00f1o para esta fecha, el jefe de los fiscales del norte santafesino hizo p\u00fablico en su informe anual de gesti\u00f3n las actividades y resultados del a\u00f1o 2023. El regional Rub\u00e9n Mart\u00ednez desgran\u00f3 uno a uno los \u00edtems destacados de la labor de persecuci\u00f3n penal en un racconto de 36 p\u00e1ginas en el que [&hellip;]<\/p>\n","protected":false},"author":3,"featured_media":58130,"comment_status":"closed","ping_status":"closed","sticky":false,"template":"","format":"standard","meta":{"_joinchat":[],"footnotes":""},"categories":[43,51],"tags":[],"class_list":{"0":"post-58129","1":"post","2":"type-post","3":"status-publish","4":"format-standard","5":"has-post-thumbnail","7":"category-institucionales","8":"category-locales"},"_links":{"self":[{"href":"https:\/\/infovera.com.ar\/web\/wp-json\/wp\/v2\/posts\/58129","targetHints":{"allow":["GET"]}}],"collection":[{"href":"https:\/\/infovera.com.ar\/web\/wp-json\/wp\/v2\/posts"}],"about":[{"href":"https:\/\/infovera.com.ar\/web\/wp-json\/wp\/v2\/types\/post"}],"author":[{"embeddable":true,"href":"https:\/\/infovera.com.ar\/web\/wp-json\/wp\/v2\/users\/3"}],"replies":[{"embeddable":true,"href":"https:\/\/infovera.com.ar\/web\/wp-json\/wp\/v2\/comments?post=58129"}],"version-history":[{"count":0,"href":"https:\/\/infovera.com.ar\/web\/wp-json\/wp\/v2\/posts\/58129\/revisions"}],"wp:featuredmedia":[{"embeddable":true,"href":"https:\/\/infovera.com.ar\/web\/wp-json\/wp\/v2\/media\/58130"}],"wp:attachment":[{"href":"https:\/\/infovera.com.ar\/web\/wp-json\/wp\/v2\/media?parent=58129"}],"wp:term":[{"taxonomy":"category","embeddable":true,"href":"https:\/\/infovera.com.ar\/web\/wp-json\/wp\/v2\/categories?post=58129"},{"taxonomy":"post_tag","embeddable":true,"href":"https:\/\/infovera.com.ar\/web\/wp-json\/wp\/v2\/tags?post=58129"}],"curies":[{"name":"wp","href":"https:\/\/api.w.org\/{rel}","templated":true}]}}