{"id":58126,"date":"2024-12-18T14:35:26","date_gmt":"2024-12-18T17:35:26","guid":{"rendered":"https:\/\/infovera.com.ar\/web\/?p=58126"},"modified":"2024-12-18T21:19:51","modified_gmt":"2024-12-19T00:19:51","slug":"pullaro-dispuso-el-pago-por-unica-vez-de-una-asignacion-no-remunerativa","status":"publish","type":"post","link":"https:\/\/infovera.com.ar\/web\/2024\/12\/18\/pullaro-dispuso-el-pago-por-unica-vez-de-una-asignacion-no-remunerativa\/","title":{"rendered":"Pullaro dispuso el pago por \u00fanica vez de una asignaci\u00f3n no remunerativa para empleados p\u00fablicos"},"content":{"rendered":"<p>Mediante el decreto 2874, el gobernador Maximiliano Pullaro dispuso el pago por \u00fanica vez de una asignaci\u00f3n no remunerativa, la que ser\u00e1 equivalente a un d\u00eda de trabajo.<\/p>\n<p>La norma, firmada adem\u00e1s por los ministros Fabian Bast\u00eda y Pablo Olivares, especifica que el \u201cbono\u201d ser\u00e1 para el personal que revista en calidad de titular e interino dependiente de la Administraci\u00f3n P\u00fablica Centralizada comprensivo de los Escalafones Decreto-Acuerdo N\u00b0 2695\/83, Decreto N\u00b0 4447\/92, Decreto N\u00b0 201\/95, a los agentes Profesionales de Fiscal\u00eda de Estado, Talleres Gr\u00e1ficos Provinciales y Trabajadores del Escalaf\u00f3n &#8220;Convenio 113\/1994 &#8211; E&#8221;.<\/p>\n<p>En el art\u00edculo 2, se dispone que esta asignaci\u00f3n se abonar\u00e1 por planilla complementaria en la misma fecha de pago del medio aguinaldo. Adem\u00e1s se aclara que lo cobrar\u00e1n quienes hayan prestado servicios activos hasta el mes de noviembre.<\/p>\n<p>Entre los considerandos del decreto, remarcan que \u201cuno de los objetivos del Gobierno Provincial es impulsar el desarrollo de est\u00e1ndares de eficiencia y eficacia en la funci\u00f3n p\u00fablica, en un contexto econ\u00f3mico desafiante y un abordaje innovador en los procesos de respuestas, capacidades de acci\u00f3n y adaptaci\u00f3n de procedimientos en orden a la transformaci\u00f3n de la administraci\u00f3n p\u00fablica pilar central del Estado Provincial\u201d.<\/p>\n","protected":false},"excerpt":{"rendered":"<p>Mediante el decreto 2874, el gobernador Maximiliano Pullaro dispuso el pago por \u00fanica vez de una asignaci\u00f3n no remunerativa, la que ser\u00e1 equivalente a un d\u00eda de trabajo. La norma, firmada adem\u00e1s por los ministros Fabian Bast\u00eda y Pablo Olivares, especifica que el \u201cbono\u201d ser\u00e1 para el personal que revista en calidad de titular e [&hellip;]<\/p>\n","protected":false},"author":3,"featured_media":49591,"comment_status":"closed","ping_status":"closed","sticky":false,"template":"","format":"standard","meta":{"_joinchat":[],"footnotes":""},"categories":[60],"tags":[],"class_list":{"0":"post-58126","1":"post","2":"type-post","3":"status-publish","4":"format-standard","5":"has-post-thumbnail","7":"category-provinciales"},"_links":{"self":[{"href":"https:\/\/infovera.com.ar\/web\/wp-json\/wp\/v2\/posts\/58126","targetHints":{"allow":["GET"]}}],"collection":[{"href":"https:\/\/infovera.com.ar\/web\/wp-json\/wp\/v2\/posts"}],"about":[{"href":"https:\/\/infovera.com.ar\/web\/wp-json\/wp\/v2\/types\/post"}],"author":[{"embeddable":true,"href":"https:\/\/infovera.com.ar\/web\/wp-json\/wp\/v2\/users\/3"}],"replies":[{"embeddable":true,"href":"https:\/\/infovera.com.ar\/web\/wp-json\/wp\/v2\/comments?post=58126"}],"version-history":[{"count":0,"href":"https:\/\/infovera.com.ar\/web\/wp-json\/wp\/v2\/posts\/58126\/revisions"}],"wp:featuredmedia":[{"embeddable":true,"href":"https:\/\/infovera.com.ar\/web\/wp-json\/wp\/v2\/media\/49591"}],"wp:attachment":[{"href":"https:\/\/infovera.com.ar\/web\/wp-json\/wp\/v2\/media?parent=58126"}],"wp:term":[{"taxonomy":"category","embeddable":true,"href":"https:\/\/infovera.com.ar\/web\/wp-json\/wp\/v2\/categories?post=58126"},{"taxonomy":"post_tag","embeddable":true,"href":"https:\/\/infovera.com.ar\/web\/wp-json\/wp\/v2\/tags?post=58126"}],"curies":[{"name":"wp","href":"https:\/\/api.w.org\/{rel}","templated":true}]}}