{"id":58053,"date":"2024-12-16T09:42:29","date_gmt":"2024-12-16T12:42:29","guid":{"rendered":"https:\/\/infovera.com.ar\/web\/?p=58053"},"modified":"2024-12-17T09:27:41","modified_gmt":"2024-12-17T12:27:41","slug":"horror-en-vera-un-bebe-recien-nacido-fue-asesinado-a-punaladas","status":"publish","type":"post","link":"https:\/\/infovera.com.ar\/web\/2024\/12\/16\/horror-en-vera-un-bebe-recien-nacido-fue-asesinado-a-punaladas\/","title":{"rendered":"Horror en Vera: un beb\u00e9 reci\u00e9n nacido fue asesinado a pu\u00f1aladas"},"content":{"rendered":"<p>Antes de la medianoche se present\u00f3 en la Cl\u00ednica San Roque una mujer que hab\u00eda dado a luz recientemente con su beb\u00e9, al que asesin\u00f3.<\/p>\n<p>Aunque reina el hermetismo en la fiscal\u00eda, <strong>InfoVera<\/strong> pudo saber que el beb\u00e9 presentaba signos compatibles con violencia por lo que el fiscal de turno, Alejandro Rodr\u00edguez, orden\u00f3 la autopsia.<\/p>\n<p>Preliminarmente, trascendi\u00f3 de fuentes judiciales que el reci\u00e9n nacido presentaba varias pu\u00f1aladas en su cuerpito.<\/p>\n<p>Por el momento, no hay alg\u00fan sospechoso sindicado por el brutal homicidio. No se descarta como presunta sospechosa a la madre.<\/p>\n<p>La mujer permanece internada y la autopsia se realizar\u00e1 en la ma\u00f1ana de hoy.<\/p>\n<p>La investigaci\u00f3n pasar\u00eda a la \u00f3rbita del fiscal Leandro Benegas, pero por el momento sigue a cargo el fiscal Rodr\u00edguez.<\/p>\n","protected":false},"excerpt":{"rendered":"<p>Antes de la medianoche se present\u00f3 en la Cl\u00ednica San Roque una mujer que hab\u00eda dado a luz recientemente con su beb\u00e9, al que asesin\u00f3. Aunque reina el hermetismo en la fiscal\u00eda, InfoVera pudo saber que el beb\u00e9 presentaba signos compatibles con violencia por lo que el fiscal de turno, Alejandro Rodr\u00edguez, orden\u00f3 la autopsia. [&hellip;]<\/p>\n","protected":false},"author":3,"featured_media":58054,"comment_status":"closed","ping_status":"closed","sticky":false,"template":"","format":"standard","meta":{"_joinchat":[],"footnotes":""},"categories":[30,53],"tags":[],"class_list":{"0":"post-58053","1":"post","2":"type-post","3":"status-publish","4":"format-standard","5":"has-post-thumbnail","7":"category-policiales","8":"category-vera"},"_links":{"self":[{"href":"https:\/\/infovera.com.ar\/web\/wp-json\/wp\/v2\/posts\/58053","targetHints":{"allow":["GET"]}}],"collection":[{"href":"https:\/\/infovera.com.ar\/web\/wp-json\/wp\/v2\/posts"}],"about":[{"href":"https:\/\/infovera.com.ar\/web\/wp-json\/wp\/v2\/types\/post"}],"author":[{"embeddable":true,"href":"https:\/\/infovera.com.ar\/web\/wp-json\/wp\/v2\/users\/3"}],"replies":[{"embeddable":true,"href":"https:\/\/infovera.com.ar\/web\/wp-json\/wp\/v2\/comments?post=58053"}],"version-history":[{"count":0,"href":"https:\/\/infovera.com.ar\/web\/wp-json\/wp\/v2\/posts\/58053\/revisions"}],"wp:featuredmedia":[{"embeddable":true,"href":"https:\/\/infovera.com.ar\/web\/wp-json\/wp\/v2\/media\/58054"}],"wp:attachment":[{"href":"https:\/\/infovera.com.ar\/web\/wp-json\/wp\/v2\/media?parent=58053"}],"wp:term":[{"taxonomy":"category","embeddable":true,"href":"https:\/\/infovera.com.ar\/web\/wp-json\/wp\/v2\/categories?post=58053"},{"taxonomy":"post_tag","embeddable":true,"href":"https:\/\/infovera.com.ar\/web\/wp-json\/wp\/v2\/tags?post=58053"}],"curies":[{"name":"wp","href":"https:\/\/api.w.org\/{rel}","templated":true}]}}