{"id":58050,"date":"2024-12-16T08:55:16","date_gmt":"2024-12-16T11:55:16","guid":{"rendered":"https:\/\/infovera.com.ar\/web\/?p=58050"},"modified":"2024-12-16T08:56:20","modified_gmt":"2024-12-16T11:56:20","slug":"clamor-para-que-el-riego-rural-tenga-partidas-y-rango-de-politica-de-estado","status":"publish","type":"post","link":"https:\/\/infovera.com.ar\/web\/2024\/12\/16\/clamor-para-que-el-riego-rural-tenga-partidas-y-rango-de-politica-de-estado\/","title":{"rendered":"Clamor para que el riego rural tenga partidas y rango de pol\u00edtica de Estado"},"content":{"rendered":"<p>Actores estatales y productivos de la regi\u00f3n debatieron pol\u00edticas de innovaci\u00f3n para mejorar los rindes. Rubricaron una Carta de Intenci\u00f3n con objetivos comunes. Moci\u00f3n para que la actividad cuente con presupuesto en la provincia.<\/p>\n<p>Durante dos jornadas, Avellaneda fue sede del Foro de Innovaci\u00f3n en Riego con una consigna central: que esa actividad suplementaria pueda ser declarada y asumida como pol\u00edtica de Estado por la provincia.<\/p>\n<p>El sal\u00f3n del C\u00edrculo Cat\u00f3lico de Obreros, se expusieron experiencias y casos de \u00e9xito en gesti\u00f3n de riego, hubo un panel de productores de Santa Fe, Entre R\u00edos y Corrientes, se analizaron proyectos innovadores como el Consorcio de Regantes Terra Milenaria, y especialistas brindaron charlas t\u00e9cnicas sobre acu\u00edferos, sistemas de riego y su impacto en el negocio agr\u00edcola.<\/p>\n<p>El Foro se nutri\u00f3 adem\u00e1s de la presentaci\u00f3n de la Agenda Estrat\u00e9gica Territorial Rural &#8211; Avellaneda 2030, el Lanzamiento del Plan Provincial de Riego 2025, y fue escenario de la la firma de acuerdos entre universidades, el INTA y actores claves para impulsar capacitaci\u00f3n, investigaci\u00f3n y desarrollo.<\/p>\n<p>En este encuentro para potenciar la innovaci\u00f3n, el trabajo conjunto y el desarrollo rural sostenible, uno de los expositores fue Dami\u00e1n Scarabotti, director de Agricultura, Sanidad Vegetal y Desarrollo Forestal de la provincia.<\/p>\n<p>El funcionario e ingeniero agr\u00f3nomo formul\u00f3 dos presentaciones consideradas fundamentales. La primera de ellas estuvo relacionada con m\u00e1rgenes diferenciales en el riego y secano, en la que abord\u00f3 las diferencias en la eficiencia y los beneficios del riego frente al cultivo en secano. \u201cSe discutieron aspectos como la mejora en los rendimientos de los cultivos, el uso optimizado del agua, y la comparaci\u00f3n de costos y beneficios entre ambos m\u00e9todos\u201d, detall\u00f3.<\/p>\n<p>En segundo \u00edtem sobre el que disert\u00f3 fue referente al Plan Provincial de Riego, que tiene como objetivo optimizar el uso del agua en la agricultura. \u201cSe detallaron las estrategias a implementar para expandir y modernizar las infraestructuras de riego, promover la eficiencia en el consumo de agua y garantizar la sostenibilidad de los recursos h\u00eddricos a largo plazo\u201d, precis\u00f3, en tanto enfatiz\u00f3 la importancia de la colaboraci\u00f3n entre el sector p\u00fablico y privado para llevar a cabo estas iniciativas.<\/p>\n<p>En el d\u00eda final del Foro, el municipio anfitri\u00f3n y otras administraciones de la regi\u00f3n firmaron una Carta de Intenci\u00f3n junto con la UTN Facultad Regional Reconquista, UNL, UCSF, INTA Estaci\u00f3n Experimental Agropecuaria Reconquista, ACIA, el Gobierno de Santa Fe, CORENOSA y APPA.<\/p>\n<p>El acuerdo rubricado establece un compromiso de colaboraci\u00f3n para impulsar proyectos relacionados con el riego suplementario, tales como estudiar el impacto del riego suplementario en la matriz productiva actual y en nuevos cultivos, evaluar y difundir m\u00e9todos de riego innovadores con alta eficiencia en el uso del agua, dise\u00f1ar plataformas de informaci\u00f3n para determinar la oportunidad y la dosis de riego y analizar la evoluci\u00f3n de par\u00e1metros ambientales afectados por esta pr\u00e1ctica.<\/p>\n<p>Asimismo, en cuanto a capacitaci\u00f3n y transferencia tecnol\u00f3gica, propone la organizaci\u00f3n de jornadas de capacitaci\u00f3n y eventos de intercambio tecnol\u00f3gico y la consolidaci\u00f3n de espacios de aprendizaje colectivo para productores y prestadores de servicios.<\/p>\n<figure class=\"image\"><img decoding=\"async\" src=\"https:\/\/norte24cdn.eleco.com.ar\/media\/2024\/12\/riego_2.png\" alt=\"riego\" \/><figcaption>El intendente Gonzalo Braidot firm\u00f3 la Carta de Intenci\u00f3n junto con la UTN Facultad Regional Reconquista, UNL, UCSF, INTA Estaci\u00f3n Experimental Agropecuaria Reconquista, ACIA, el Gobierno de Santa Fe, CORENOSA y APPA.<\/figcaption><\/figure>\n<p><strong>Paso clave<\/strong><\/p>\n<p>La gesti\u00f3n y las pol\u00edticas p\u00fablicas forman parte del documento consensuado entre los participantes, con objetivos que apuntan la promoci\u00f3n de un \u00e1mbito de an\u00e1lisis estrat\u00e9gico del desarrollo agropecuario en relaci\u00f3n con el uso del agua, y al apoyo de la formulaci\u00f3n de pol\u00edticas p\u00fablicas vinculadas al riego en el norte de la provincia de Santa Fe.<\/p>\n<p>No escap\u00f3 a los actores productivos y estatales la necesidad de dise\u00f1ar una arquitectura institucional innovadora que integre y gestione iniciativas conjuntas, y el fortalecimiento de la relaci\u00f3n y la capacidad de empresas proveedoras de equipos y servicios de riego.<\/p>\n<p>\u201cEste acuerdo representa un paso clave para el desarrollo sostenible del sector agropecuario, consolidando un enfoque integral que vincula investigaci\u00f3n, innovaci\u00f3n y gesti\u00f3n eficiente del recurso h\u00eddrico\u201d, reza la memoria descriptiva de la Carta.<\/p>\n<p>Como conclusi\u00f3n del evento, el intendente local Gonzalo Braidot destac\u00f3: \u201cLa participaci\u00f3n de todos los actores permiti\u00f3 dejar muchos puntos claros. El primer logro importante como regi\u00f3n es que el gobierno de la provincia incorpor\u00f3 el tema en su agenda. Se llevaron informaci\u00f3n valiosa para trabajar y fortalecer esta mesa de di\u00e1logo, que considero un aliado estrat\u00e9gico. Si trabajamos juntos, podemos generar alternativas y oportunidades para nuestros productores, nuestra regi\u00f3n y el desarrollo de nuestras comunidades. Agradezco a las empresas, instituciones, productores y autoridades por dos jornadas muy enriquecedoras&#8221;.<\/p>\n<p><strong>Mirada legislativa<\/strong><\/p>\n<p>A su turno, el diputado provincial Dionisio Scarpin valor\u00f3 el desarrollo y el sostenimiento dentro de la agenda p\u00fablica del tema riego por m\u00e1s de 15 a\u00f1os. El legislador admiti\u00f3 que en el ejercicio que fenece no pudieron incorporarse partidas destinadas al desarrollo de la actividad y, en ese sentido, comprometi\u00f3 su gesti\u00f3n y esfuerzo legislativo para que sea contemplado en los presupuestos provinciales venideros, de manera de instalarlo como pol\u00edtica de Estado: \u201cCuenten conmigo\u201d, asegur\u00f3.<\/p>\n<p>Su par de la C\u00e1mara baja, Sergio Rojas, afirm\u00f3 que \u201cla gesti\u00f3n eficiente del agua es fundamental para el desarrollo rural y productivo. Hoy en d\u00eda existen tecnolog\u00edas y herramientas para que, a trav\u00e9s de sistemas de riego, podamos cuidar el agua y hacer un mejor uso de ella, especialmente en \u00e9pocas de sequ\u00eda\u201d.<\/p>\n<p>El dirigente norte\u00f1o consider\u00f3 que para ello &#8220;es necesaria la vinculaci\u00f3n entre el Estado, en todos sus niveles, el sector productivo, universidades e instituciones. Las actividades de investigaci\u00f3n y desarrollo colaborativas pueden acercar los beneficios del riego a numerosos productores. Los modelos asociativos son un claro ejemplo de ello.<\/p>\n<p><strong>Ejes claros<\/strong><\/p>\n<p>Gustavo V\u00e9nica, secretario municipal de Producci\u00f3n de Avellaneda puso de relieve la \u201cra\u00edz cultural muy importante y muy ligada a la ruralidad\u201d de la ciudad y remarc\u00f3: &#8220;Todav\u00eda tenemos en nuestra colonia instituciones y productores que se involucran y se comprometen en su desarrollo\u201d.<\/p>\n<p>El titular de \u00e1rea productiva de la gesti\u00f3n municipal record\u00f3 que &#8220;el riego comienza en 2008 -2009 con la gran sequ\u00eda que hubo, luego se comienza con un proyecto muy ambicioso de traer el agua del R\u00edo Paran\u00e1 para realizarlo, finalmente no prosper\u00f3 y la gente se desanim\u00f3. Este a\u00f1o desde la provincia nos contactaron para movernos nuevamente y poner de nuevo sobre la mesa el tema del riego\u201d.<\/p>\n<p>V\u00e9nica traz\u00f3 el panorama actual: \u201cSolemos tener agua que cae toda junta y no se almacena, por ello tenemos faltante de agua en los momentos cr\u00edticos del cultivo, haciendo perder los kilos de ganancia al productor\u201d.<\/p>\n<p>\u201cTenemos que estar atentos a la demanda del mercado laboral y preparar a los j\u00f3venes&#8221;, inst\u00f3, al tiempo que reflexion\u00f3 que &#8220;m\u00e1s producci\u00f3n en el campo va a generar m\u00e1s movimiento econ\u00f3mico, m\u00e1s oportunidades y fuentes de trabajo. La idea es trabajar esta agenda con ejes claros. Hay que escuchar desde las bases hacia arriba y planificar entre todos\u201d.<\/p>\n<p>&#8220;Hay que hacer eficiente el recurso del capital tierra que tenemos, con agua puede ser mucho m\u00e1s productivo\u201d, complet\u00f3.<\/p>\n<figure class=\"image\"><img decoding=\"async\" src=\"https:\/\/norte24cdn.eleco.com.ar\/media\/2024\/12\/riego_4.png\" alt=\"riego\" \/><figcaption>Entre 2008 y 2009, el entonces intendente de Avellaneda, Orfilio Marc\u00f3n, impuls\u00f3 la captaci\u00f3n de agua para riego en el Paraje La Vertiente.<\/figcaption><\/figure>\n","protected":false},"excerpt":{"rendered":"<p>Actores estatales y productivos de la regi\u00f3n debatieron pol\u00edticas de innovaci\u00f3n para mejorar los rindes. Rubricaron una Carta de Intenci\u00f3n con objetivos comunes. Moci\u00f3n para que la actividad cuente con presupuesto en la provincia. Durante dos jornadas, Avellaneda fue sede del Foro de Innovaci\u00f3n en Riego con una consigna central: que esa actividad suplementaria pueda [&hellip;]<\/p>\n","protected":false},"author":3,"featured_media":58052,"comment_status":"closed","ping_status":"closed","sticky":false,"template":"","format":"standard","meta":{"_joinchat":[],"footnotes":""},"categories":[48,61,50],"tags":[],"class_list":{"0":"post-58050","1":"post","2":"type-post","3":"status-publish","4":"format-standard","5":"has-post-thumbnail","7":"category-produccion","8":"category-regionales","9":"category-rurales"},"_links":{"self":[{"href":"https:\/\/infovera.com.ar\/web\/wp-json\/wp\/v2\/posts\/58050","targetHints":{"allow":["GET"]}}],"collection":[{"href":"https:\/\/infovera.com.ar\/web\/wp-json\/wp\/v2\/posts"}],"about":[{"href":"https:\/\/infovera.com.ar\/web\/wp-json\/wp\/v2\/types\/post"}],"author":[{"embeddable":true,"href":"https:\/\/infovera.com.ar\/web\/wp-json\/wp\/v2\/users\/3"}],"replies":[{"embeddable":true,"href":"https:\/\/infovera.com.ar\/web\/wp-json\/wp\/v2\/comments?post=58050"}],"version-history":[{"count":0,"href":"https:\/\/infovera.com.ar\/web\/wp-json\/wp\/v2\/posts\/58050\/revisions"}],"wp:featuredmedia":[{"embeddable":true,"href":"https:\/\/infovera.com.ar\/web\/wp-json\/wp\/v2\/media\/58052"}],"wp:attachment":[{"href":"https:\/\/infovera.com.ar\/web\/wp-json\/wp\/v2\/media?parent=58050"}],"wp:term":[{"taxonomy":"category","embeddable":true,"href":"https:\/\/infovera.com.ar\/web\/wp-json\/wp\/v2\/categories?post=58050"},{"taxonomy":"post_tag","embeddable":true,"href":"https:\/\/infovera.com.ar\/web\/wp-json\/wp\/v2\/tags?post=58050"}],"curies":[{"name":"wp","href":"https:\/\/api.w.org\/{rel}","templated":true}]}}