{"id":58030,"date":"2024-12-14T10:17:06","date_gmt":"2024-12-14T13:17:06","guid":{"rendered":"https:\/\/infovera.com.ar\/web\/?p=58030"},"modified":"2024-12-15T22:39:28","modified_gmt":"2024-12-16T01:39:28","slug":"nuevo-operativo-de-la-higuera-en-el-norte-para-garantizar-el-derecho-de-acceso-a-la-salud","status":"publish","type":"post","link":"https:\/\/infovera.com.ar\/web\/2024\/12\/14\/nuevo-operativo-de-la-higuera-en-el-norte-para-garantizar-el-derecho-de-acceso-a-la-salud\/","title":{"rendered":"Nuevo operativo de La Higuera en el norte para garantizar el derecho de acceso a la salud"},"content":{"rendered":"<p>En una nueva jornada de trabajo solidario, la ONG La Higuera visit\u00f3 el pasado 8 de diciembre las localidades de Los Amores, Los T\u00e1banos, Tartagal, La Gallareta, La Sarita y San Manuel.<\/p>\n<p>Tres m\u00e9dicos ginec\u00f3logos, un ecografista y un estudiante del programa de salud rural de la Universidad Nacional de Rosario se sumaron a esta iniciativa, que busc\u00f3 reforzar la atenci\u00f3n en zonas rurales donde el acceso a especialistas suele ser limitado.<\/p>\n<p>El trabajo en territorio cont\u00f3 con el apoyo del senador provincial Osvaldo Sosa.\u00a0El legislador destac\u00f3 la importancia de estas acciones en la promoci\u00f3n y prevenci\u00f3n de la salud p\u00fablica, subrayando su compromiso constante con las comunidades m\u00e1s vulnerables del departamento. \u201cEs fundamental apoyar a organizaciones como La Higuera, que con profesionalismo y solidaridad llevan esperanza y cuidados esenciales a quienes m\u00e1s lo necesitan\u201d, expres\u00f3.<\/p>\n<p>Con especialistas en ginecolog\u00eda, obstetricia, ecograf\u00eda y pediatr\u00eda, se realizaron en total 95 controles ginecol\u00f3gicos, 49 consultas pedi\u00e1tricas, 57 ecograf\u00edas, 57 PAP y 30 colocaciones de m\u00e9todos anticonceptivos de larga duraci\u00f3n.<\/p>\n<p>&#8220;Reforzamos la importancia de la promoci\u00f3n de la salud y prevenci\u00f3n de enfermedades, entre ellas la consejer\u00eda en Salud Sexual y Reproductiva, la detecci\u00f3n temprana de c\u00e1ncer de cuello uterino y detecci\u00f3n de c\u00e1ncer de mama&#8221;, detallaron los integrantes de La Higuera.<\/p>\n<p>&#8220;La necesidad de m\u00e9dicos con especialidades b\u00e1sicas se manifiesta por parte de las comunidades rurales. Creemos que es fundamental tratar de garantizar el derecho de acceso a la salud. Trabajando en equipo con los referentes de la zona, esto puede ser posible&#8221;, sostuvieron, y dedicaron un especial agradecimiento la Dra. Beatriz Villa, m\u00e9dica pediatra.<\/p>\n<p>La Higuera, fundada en Rosario en 2003 (Exp. IGPJ 648), es una asociaci\u00f3n civil sin fines de lucro que se dedica a la salud integral y al desarrollo comunitario en territorios rurales y aislados. Inspirada en la labor del m\u00e9dico Esteban Laureano Maradona, la ONG trabaja por la inclusi\u00f3n social de los sectores m\u00e1s desfavorecidos, promoviendo un enfoque humanitario y comunitario en cada intervenci\u00f3n. Este compromiso, respaldado por figuras como el senador Sosa, reafirma la importancia de la salud como derecho universal.<\/p>\n<p><a href=\"https:\/\/infovera.com.ar\/web\/wp-content\/uploads\/2024\/12\/la-h1.png\"><img loading=\"lazy\" decoding=\"async\" class=\"alignleft size-full wp-image-58032\" src=\"https:\/\/infovera.com.ar\/web\/wp-content\/uploads\/2024\/12\/la-h1.png\" alt=\"\" width=\"1078\" height=\"688\" srcset=\"https:\/\/infovera.com.ar\/web\/wp-content\/uploads\/2024\/12\/la-h1.png 1078w, https:\/\/infovera.com.ar\/web\/wp-content\/uploads\/2024\/12\/la-h1-696x444.png 696w, https:\/\/infovera.com.ar\/web\/wp-content\/uploads\/2024\/12\/la-h1-1068x682.png 1068w, https:\/\/infovera.com.ar\/web\/wp-content\/uploads\/2024\/12\/la-h1-658x420.png 658w\" sizes=\"auto, (max-width: 1078px) 100vw, 1078px\" \/><\/a><\/p>\n","protected":false},"excerpt":{"rendered":"<p>En una nueva jornada de trabajo solidario, la ONG La Higuera visit\u00f3 el pasado 8 de diciembre las localidades de Los Amores, Los T\u00e1banos, Tartagal, La Gallareta, La Sarita y San Manuel. Tres m\u00e9dicos ginec\u00f3logos, un ecografista y un estudiante del programa de salud rural de la Universidad Nacional de Rosario se sumaron a esta [&hellip;]<\/p>\n","protected":false},"author":3,"featured_media":58031,"comment_status":"closed","ping_status":"closed","sticky":false,"template":"","format":"standard","meta":{"_joinchat":[],"footnotes":""},"categories":[51,37,36],"tags":[],"class_list":{"0":"post-58030","1":"post","2":"type-post","3":"status-publish","4":"format-standard","5":"has-post-thumbnail","7":"category-locales","8":"category-salud","9":"category-sociedad"},"_links":{"self":[{"href":"https:\/\/infovera.com.ar\/web\/wp-json\/wp\/v2\/posts\/58030","targetHints":{"allow":["GET"]}}],"collection":[{"href":"https:\/\/infovera.com.ar\/web\/wp-json\/wp\/v2\/posts"}],"about":[{"href":"https:\/\/infovera.com.ar\/web\/wp-json\/wp\/v2\/types\/post"}],"author":[{"embeddable":true,"href":"https:\/\/infovera.com.ar\/web\/wp-json\/wp\/v2\/users\/3"}],"replies":[{"embeddable":true,"href":"https:\/\/infovera.com.ar\/web\/wp-json\/wp\/v2\/comments?post=58030"}],"version-history":[{"count":0,"href":"https:\/\/infovera.com.ar\/web\/wp-json\/wp\/v2\/posts\/58030\/revisions"}],"wp:featuredmedia":[{"embeddable":true,"href":"https:\/\/infovera.com.ar\/web\/wp-json\/wp\/v2\/media\/58031"}],"wp:attachment":[{"href":"https:\/\/infovera.com.ar\/web\/wp-json\/wp\/v2\/media?parent=58030"}],"wp:term":[{"taxonomy":"category","embeddable":true,"href":"https:\/\/infovera.com.ar\/web\/wp-json\/wp\/v2\/categories?post=58030"},{"taxonomy":"post_tag","embeddable":true,"href":"https:\/\/infovera.com.ar\/web\/wp-json\/wp\/v2\/tags?post=58030"}],"curies":[{"name":"wp","href":"https:\/\/api.w.org\/{rel}","templated":true}]}}