{"id":57970,"date":"2024-12-12T08:13:57","date_gmt":"2024-12-12T11:13:57","guid":{"rendered":"https:\/\/infovera.com.ar\/web\/?p=57970"},"modified":"2024-12-12T17:33:04","modified_gmt":"2024-12-12T20:33:04","slug":"sosa-pidio-llevar-energia-de-calidad-a-fortin-olmos","status":"publish","type":"post","link":"https:\/\/infovera.com.ar\/web\/2024\/12\/12\/sosa-pidio-llevar-energia-de-calidad-a-fortin-olmos\/","title":{"rendered":"Sosa pidi\u00f3 llevar energ\u00eda de calidad a Fort\u00edn Olmos"},"content":{"rendered":"<p>El senador Osvaldo Sosa particip\u00f3 de la inauguraci\u00f3n de la Estaci\u00f3n Transformadora de Vera.<\/p>\n<p>En el acto y al ofrecer su discurso, el legislador verense agradeci\u00f3 al gobernador Maximiliano Pullaro por haber finalizado la obra -que inici\u00f3 el gobierno de Omar Perotti- y formul\u00f3 un pedido expreso para solucionar el eterno problema de energ\u00eda el\u00e9ctrica que afecta a Fort\u00edn Olmos.<\/p>\n<p>&#8220;Tenemos que hacer el esfuerzo para mejorar la situaci\u00f3n de Fort\u00edn Olmos, que nunca tuvo energ\u00eda de calidad&#8221;, afirm\u00f3 Sosa, en referencia a los inconvenientes hist\u00f3ricos que afectan a la localidad del oeste departamental.<\/p>\n","protected":false},"excerpt":{"rendered":"<p>El senador Osvaldo Sosa particip\u00f3 de la inauguraci\u00f3n de la Estaci\u00f3n Transformadora de Vera. En el acto y al ofrecer su discurso, el legislador verense agradeci\u00f3 al gobernador Maximiliano Pullaro por haber finalizado la obra -que inici\u00f3 el gobierno de Omar Perotti- y formul\u00f3 un pedido expreso para solucionar el eterno problema de energ\u00eda el\u00e9ctrica [&hellip;]<\/p>\n","protected":false},"author":3,"featured_media":57971,"comment_status":"closed","ping_status":"closed","sticky":false,"template":"","format":"standard","meta":{"_joinchat":[],"footnotes":""},"categories":[53],"tags":[],"class_list":{"0":"post-57970","1":"post","2":"type-post","3":"status-publish","4":"format-standard","5":"has-post-thumbnail","7":"category-vera"},"_links":{"self":[{"href":"https:\/\/infovera.com.ar\/web\/wp-json\/wp\/v2\/posts\/57970","targetHints":{"allow":["GET"]}}],"collection":[{"href":"https:\/\/infovera.com.ar\/web\/wp-json\/wp\/v2\/posts"}],"about":[{"href":"https:\/\/infovera.com.ar\/web\/wp-json\/wp\/v2\/types\/post"}],"author":[{"embeddable":true,"href":"https:\/\/infovera.com.ar\/web\/wp-json\/wp\/v2\/users\/3"}],"replies":[{"embeddable":true,"href":"https:\/\/infovera.com.ar\/web\/wp-json\/wp\/v2\/comments?post=57970"}],"version-history":[{"count":0,"href":"https:\/\/infovera.com.ar\/web\/wp-json\/wp\/v2\/posts\/57970\/revisions"}],"wp:featuredmedia":[{"embeddable":true,"href":"https:\/\/infovera.com.ar\/web\/wp-json\/wp\/v2\/media\/57971"}],"wp:attachment":[{"href":"https:\/\/infovera.com.ar\/web\/wp-json\/wp\/v2\/media?parent=57970"}],"wp:term":[{"taxonomy":"category","embeddable":true,"href":"https:\/\/infovera.com.ar\/web\/wp-json\/wp\/v2\/categories?post=57970"},{"taxonomy":"post_tag","embeddable":true,"href":"https:\/\/infovera.com.ar\/web\/wp-json\/wp\/v2\/tags?post=57970"}],"curies":[{"name":"wp","href":"https:\/\/api.w.org\/{rel}","templated":true}]}}