{"id":57926,"date":"2024-12-10T09:33:54","date_gmt":"2024-12-10T12:33:54","guid":{"rendered":"https:\/\/infovera.com.ar\/web\/?p=57926"},"modified":"2024-12-10T09:35:05","modified_gmt":"2024-12-10T12:35:05","slug":"comienza-la-obra-para-la-readecuacion-del-canal-interlagos-y-drenajes-conexos","status":"publish","type":"post","link":"https:\/\/infovera.com.ar\/web\/2024\/12\/10\/comienza-la-obra-para-la-readecuacion-del-canal-interlagos-y-drenajes-conexos\/","title":{"rendered":"Comienza la obra para la readecuaci\u00f3n del Canal Interlagos y drenajes conexos"},"content":{"rendered":"<p>El mi\u00e9rcoles, a las 11, se realizar\u00e1 el acto de firma del acta de inicio de la obra del Canal Interlagos.<\/p>\n<p>En Fort\u00edn Olmos, en el sector donde iniciar\u00e1n los trabajos, estar\u00e1n presentes el secretario de Recursos H\u00eddricos, Nicol\u00e1s Mijich y las empresas que van a ejecutar la misma.<\/p>\n<p>Santiago Laplacette fue reelecto al frente del Comit\u00e9 de Cuenca.<\/p>\n","protected":false},"excerpt":{"rendered":"<p>El mi\u00e9rcoles, a las 11, se realizar\u00e1 el acto de firma del acta de inicio de la obra del Canal Interlagos. En Fort\u00edn Olmos, en el sector donde iniciar\u00e1n los trabajos, estar\u00e1n presentes el secretario de Recursos H\u00eddricos, Nicol\u00e1s Mijich y las empresas que van a ejecutar la misma. Santiago Laplacette fue reelecto al frente [&hellip;]<\/p>\n","protected":false},"author":3,"featured_media":57927,"comment_status":"closed","ping_status":"closed","sticky":false,"template":"","format":"standard","meta":{"_joinchat":[],"footnotes":""},"categories":[56],"tags":[],"class_list":{"0":"post-57926","1":"post","2":"type-post","3":"status-publish","4":"format-standard","5":"has-post-thumbnail","7":"category-destacados"},"_links":{"self":[{"href":"https:\/\/infovera.com.ar\/web\/wp-json\/wp\/v2\/posts\/57926","targetHints":{"allow":["GET"]}}],"collection":[{"href":"https:\/\/infovera.com.ar\/web\/wp-json\/wp\/v2\/posts"}],"about":[{"href":"https:\/\/infovera.com.ar\/web\/wp-json\/wp\/v2\/types\/post"}],"author":[{"embeddable":true,"href":"https:\/\/infovera.com.ar\/web\/wp-json\/wp\/v2\/users\/3"}],"replies":[{"embeddable":true,"href":"https:\/\/infovera.com.ar\/web\/wp-json\/wp\/v2\/comments?post=57926"}],"version-history":[{"count":0,"href":"https:\/\/infovera.com.ar\/web\/wp-json\/wp\/v2\/posts\/57926\/revisions"}],"wp:featuredmedia":[{"embeddable":true,"href":"https:\/\/infovera.com.ar\/web\/wp-json\/wp\/v2\/media\/57927"}],"wp:attachment":[{"href":"https:\/\/infovera.com.ar\/web\/wp-json\/wp\/v2\/media?parent=57926"}],"wp:term":[{"taxonomy":"category","embeddable":true,"href":"https:\/\/infovera.com.ar\/web\/wp-json\/wp\/v2\/categories?post=57926"},{"taxonomy":"post_tag","embeddable":true,"href":"https:\/\/infovera.com.ar\/web\/wp-json\/wp\/v2\/tags?post=57926"}],"curies":[{"name":"wp","href":"https:\/\/api.w.org\/{rel}","templated":true}]}}