{"id":57868,"date":"2024-12-08T21:30:58","date_gmt":"2024-12-09T00:30:58","guid":{"rendered":"https:\/\/infovera.com.ar\/web\/?p=57868"},"modified":"2024-12-09T09:55:50","modified_gmt":"2024-12-09T12:55:50","slug":"estremecedor-accidente-sufrio-el-padre-del-periodista-deportivo-marcos-llobel","status":"publish","type":"post","link":"https:\/\/infovera.com.ar\/web\/2024\/12\/08\/estremecedor-accidente-sufrio-el-padre-del-periodista-deportivo-marcos-llobel\/","title":{"rendered":"Estremecedor accidente sufri\u00f3 el padre del periodista deportivo Marcos Llobel"},"content":{"rendered":"<p>El auto en el que iba se despist\u00f3 en la Ruta 11, a la altura de Las Toscas.<\/p>\n<p>El padre del periodista deportivo Marcos Llobel, que iba con su esposa y su hija, volc\u00f3 con el auto cuando circulaba por la Ruta 11, a la altura de la calle 39 de Las Toscas.<\/p>\n<p>Personal de la Comisaria V tom\u00f3 intervenci\u00f3n en el accidente de tr\u00e1nsito por el despiste sin intervenci\u00f3n de terceros en momentos en circulaba con direcci\u00f3n norte &#8211; sur. Al volante iba la mujer, que perdi\u00f3 el control del mismo, finalizando sobre la cuneta de la mano contraria.<\/p>\n<p>La salida de la cinta asf\u00e1ltica y el vuelco dej\u00f3 al veh\u00edculo con las ruedas hacia arriba en el zanj\u00f3n.<\/p>\n<p>Los tres ocupantes, mayores de edad, fueron trasladados en ambulancia del Servicio 107 al Samco local.<\/p>\n<p>Bomberos voluntarios Las Toscas trabaj\u00f3 en el lugar para socorrer a los accidentados y retirar el auto.<\/p>\n<p>Marcos Llobel, que acudi\u00f3 al lugar del siniestro, cont\u00f3 que &#8220;el m\u00e1s golpeado es mi pap\u00e1. Tiene un golpe y un tajo en la cabeza&#8221;.<\/p>\n<p>El comunicador relat\u00f3 que &#8220;estuvieron sumergidos m\u00e1s de un minuto, no pod\u00edan salir hasta que el pudo salir y un vecino se acerc\u00f3 y pudieron sacar a su esposa y la hija, y hasta el perrito&#8221; que viajaba con ellos.<\/p>\n<p>Por lo pronto, se encuentran fuera de peligro, aunque quedar\u00e1n algunas horas en observaci\u00f3n en el nosocomio norte\u00f1o.<\/p>\n<p><a href=\"https:\/\/infovera.com.ar\/web\/wp-content\/uploads\/2024\/12\/auto-b.jpg\"><img loading=\"lazy\" decoding=\"async\" class=\"alignleft size-full wp-image-57871\" src=\"https:\/\/infovera.com.ar\/web\/wp-content\/uploads\/2024\/12\/auto-b.jpg\" alt=\"\" width=\"1600\" height=\"1204\" srcset=\"https:\/\/infovera.com.ar\/web\/wp-content\/uploads\/2024\/12\/auto-b.jpg 1600w, https:\/\/infovera.com.ar\/web\/wp-content\/uploads\/2024\/12\/auto-b-696x524.jpg 696w, https:\/\/infovera.com.ar\/web\/wp-content\/uploads\/2024\/12\/auto-b-1068x804.jpg 1068w, https:\/\/infovera.com.ar\/web\/wp-content\/uploads\/2024\/12\/auto-b-558x420.jpg 558w, https:\/\/infovera.com.ar\/web\/wp-content\/uploads\/2024\/12\/auto-b-80x60.jpg 80w, https:\/\/infovera.com.ar\/web\/wp-content\/uploads\/2024\/12\/auto-b-265x198.jpg 265w\" sizes=\"auto, (max-width: 1600px) 100vw, 1600px\" \/><\/a><\/p>\n","protected":false},"excerpt":{"rendered":"<p>El auto en el que iba se despist\u00f3 en la Ruta 11, a la altura de Las Toscas. El padre del periodista deportivo Marcos Llobel, que iba con su esposa y su hija, volc\u00f3 con el auto cuando circulaba por la Ruta 11, a la altura de la calle 39 de Las Toscas. Personal de [&hellip;]<\/p>\n","protected":false},"author":3,"featured_media":57869,"comment_status":"closed","ping_status":"closed","sticky":false,"template":"","format":"standard","meta":{"_joinchat":[],"footnotes":""},"categories":[30,61],"tags":[],"class_list":{"0":"post-57868","1":"post","2":"type-post","3":"status-publish","4":"format-standard","5":"has-post-thumbnail","7":"category-policiales","8":"category-regionales"},"_links":{"self":[{"href":"https:\/\/infovera.com.ar\/web\/wp-json\/wp\/v2\/posts\/57868","targetHints":{"allow":["GET"]}}],"collection":[{"href":"https:\/\/infovera.com.ar\/web\/wp-json\/wp\/v2\/posts"}],"about":[{"href":"https:\/\/infovera.com.ar\/web\/wp-json\/wp\/v2\/types\/post"}],"author":[{"embeddable":true,"href":"https:\/\/infovera.com.ar\/web\/wp-json\/wp\/v2\/users\/3"}],"replies":[{"embeddable":true,"href":"https:\/\/infovera.com.ar\/web\/wp-json\/wp\/v2\/comments?post=57868"}],"version-history":[{"count":0,"href":"https:\/\/infovera.com.ar\/web\/wp-json\/wp\/v2\/posts\/57868\/revisions"}],"wp:featuredmedia":[{"embeddable":true,"href":"https:\/\/infovera.com.ar\/web\/wp-json\/wp\/v2\/media\/57869"}],"wp:attachment":[{"href":"https:\/\/infovera.com.ar\/web\/wp-json\/wp\/v2\/media?parent=57868"}],"wp:term":[{"taxonomy":"category","embeddable":true,"href":"https:\/\/infovera.com.ar\/web\/wp-json\/wp\/v2\/categories?post=57868"},{"taxonomy":"post_tag","embeddable":true,"href":"https:\/\/infovera.com.ar\/web\/wp-json\/wp\/v2\/tags?post=57868"}],"curies":[{"name":"wp","href":"https:\/\/api.w.org\/{rel}","templated":true}]}}