{"id":57855,"date":"2024-12-07T15:30:25","date_gmt":"2024-12-07T18:30:25","guid":{"rendered":"https:\/\/infovera.com.ar\/web\/?p=57855"},"modified":"2025-01-08T16:51:31","modified_gmt":"2025-01-08T19:51:31","slug":"bastia-firmo-convenios-por-mas-de-150-millones-con-municipios-comunas-y-clubes","status":"publish","type":"post","link":"https:\/\/infovera.com.ar\/web\/2024\/12\/07\/bastia-firmo-convenios-por-mas-de-150-millones-con-municipios-comunas-y-clubes\/","title":{"rendered":"Bastia firm\u00f3 convenios por m\u00e1s de $ 150 millones con municipios, comunas y clubes"},"content":{"rendered":"<p>El ministro de Gobierno, Fabi\u00e1n Bastia, firm\u00f3 convenios este s\u00e1bado de fondos correspondiente al Programa Brigadier en varias localidades del departamento Vera, junto a la subsecretaria de Asuntos Electorales, Juliana Caillat, y al coordinador del Nodo, Oscar &#8220;Carozo&#8221; Duarte.<\/p>\n<p>La agenda comenz\u00f3 a las 9 en Calchaqu\u00ed, con el otorgamiento al Centro Recreativo Calchaqu\u00ed para la \u201cobra de cerramiento del gimnasio\u201c de $31.150.000,00<\/p>\n<p>Sigui\u00f3 en Margarita, donde la Comuna recibir\u00e1 para \u201ciluminaci\u00f3n led urbana\u201d $20.000.000,00<\/p>\n<p>A las 11, en la Municipalidad de Vera se firm\u00f3 en la sede gubernamental el convenio para \u201calumbrado p\u00fablico\u201d $62.250.000,00<\/p>\n<p>En horas de la siesta, Bastia y la comitiva estuvieron en Golondrina: \u201cconstrucci\u00f3n plaza central\u201d $17.351.077,76; y Los Amores: Comuna de Los Amores &#8211; \u201cconstrucci\u00f3n de ripio granular sector norte\u201d $26.000.000,00; \u2060Club Deportivo y Cultural &#8211; \u201campliaci\u00f3n cerco perimetral y refacci\u00f3n del edificio\u201d $7.991.780,91.<\/p>\n<p>Por \u00faltimo, se firm\u00f3 en Malabrigo, el convenio con el Club Atl\u00e9tico Juventud para la \u201ccontinuidad de obras de la pileta semi ol\u00edmpica\u201d, con $11.541.313,64<\/p>\n","protected":false},"excerpt":{"rendered":"<p>El ministro de Gobierno, Fabi\u00e1n Bastia, firm\u00f3 convenios este s\u00e1bado de fondos correspondiente al Programa Brigadier en varias localidades del departamento Vera, junto a la subsecretaria de Asuntos Electorales, Juliana Caillat, y al coordinador del Nodo, Oscar &#8220;Carozo&#8221; Duarte. La agenda comenz\u00f3 a las 9 en Calchaqu\u00ed, con el otorgamiento al Centro Recreativo Calchaqu\u00ed para [&hellip;]<\/p>\n","protected":false},"author":3,"featured_media":57856,"comment_status":"closed","ping_status":"closed","sticky":false,"template":"","format":"standard","meta":{"_joinchat":[],"footnotes":""},"categories":[56,53],"tags":[],"class_list":{"0":"post-57855","1":"post","2":"type-post","3":"status-publish","4":"format-standard","5":"has-post-thumbnail","7":"category-destacados","8":"category-vera"},"_links":{"self":[{"href":"https:\/\/infovera.com.ar\/web\/wp-json\/wp\/v2\/posts\/57855","targetHints":{"allow":["GET"]}}],"collection":[{"href":"https:\/\/infovera.com.ar\/web\/wp-json\/wp\/v2\/posts"}],"about":[{"href":"https:\/\/infovera.com.ar\/web\/wp-json\/wp\/v2\/types\/post"}],"author":[{"embeddable":true,"href":"https:\/\/infovera.com.ar\/web\/wp-json\/wp\/v2\/users\/3"}],"replies":[{"embeddable":true,"href":"https:\/\/infovera.com.ar\/web\/wp-json\/wp\/v2\/comments?post=57855"}],"version-history":[{"count":0,"href":"https:\/\/infovera.com.ar\/web\/wp-json\/wp\/v2\/posts\/57855\/revisions"}],"wp:featuredmedia":[{"embeddable":true,"href":"https:\/\/infovera.com.ar\/web\/wp-json\/wp\/v2\/media\/57856"}],"wp:attachment":[{"href":"https:\/\/infovera.com.ar\/web\/wp-json\/wp\/v2\/media?parent=57855"}],"wp:term":[{"taxonomy":"category","embeddable":true,"href":"https:\/\/infovera.com.ar\/web\/wp-json\/wp\/v2\/categories?post=57855"},{"taxonomy":"post_tag","embeddable":true,"href":"https:\/\/infovera.com.ar\/web\/wp-json\/wp\/v2\/tags?post=57855"}],"curies":[{"name":"wp","href":"https:\/\/api.w.org\/{rel}","templated":true}]}}