{"id":57851,"date":"2024-12-07T17:39:04","date_gmt":"2024-12-07T20:39:04","guid":{"rendered":"https:\/\/infovera.com.ar\/web\/?p=57851"},"modified":"2024-12-07T17:51:09","modified_gmt":"2024-12-07T20:51:09","slug":"para-el-colegio-de-abogados-no-se-afectaron-los-derechos-de-los-abogados-detenidos","status":"publish","type":"post","link":"https:\/\/infovera.com.ar\/web\/2024\/12\/07\/para-el-colegio-de-abogados-no-se-afectaron-los-derechos-de-los-abogados-detenidos\/","title":{"rendered":"Para el Colegio de Abogados no se afectaron los derechos de los abogados detenidos"},"content":{"rendered":"<p>Los matriculados emitieron un comunicado detallando toda la actividad realizada por la entidad en el caso que tiene privados de la libertad a Ricardo Degoumois padre y su hijo hom\u00f3nimo, Daniel Baralle y Andr\u00e9s Gh\u00edo.<\/p>\n<p>COMUNICADO<\/p>\n<p>El Colegio de Abogados de la IV Circunscripci\u00f3n Judicial sostiene que ante los hechos p\u00fablicos y notorios que resultaron en la detenci\u00f3n de cuatro colegiados el d\u00eda 3 de diciembre de 2024, en el marco de un juicio oral y p\u00fablico, la Comisi\u00f3n Directiva (CD) ha solicitado una reuni\u00f3n urgente con las autoridades del Ministerio P\u00fablico de la Acusaci\u00f3n (MPA). A continuaci\u00f3n, resumen de las actividades institucionales desarrolladas.<\/p>\n<p>En tal sentido a\u00f1ade la informaci\u00f3n vertida por la entidad que d\u00eda 6 de diciembre de 2024, los miembros de la CD, Doctores Roberto Baccarezza y Rodrigo Santos Roberts, se reunieron con el fiscal regional, Dr. Rub\u00e9n Daniel Mart\u00ednez, y el secretario regional, Dr. El\u00edas Roberto Salum. Durante este encuentro, se expres\u00f3 la preocupaci\u00f3n del Colegio por la situaci\u00f3n de los profesionales involucrados, enfatizando que las actuaciones desarrolladas no deben afectar gravemente el ejercicio profesional.<\/p>\n<p>Informe del fiscal<\/p>\n<p>El escrito que lleva la firma del Dr. Roberto H. Baccarezza, presidente del Colegio y del Dr. Rodrigo Santos Roberts, secretario del organismo, indica que el informe realizado por el fiscal regional Dr. Rub\u00e9n Mart\u00ednez fue considerado satisfactorio a prima facie.<\/p>\n<p>La entidad que representa a los matriculados norte\u00f1os revela que ser\u00e1n veedores en las medidas que se puedan tomar en relaci\u00f3n a los estudios jur\u00eddicos de los profesionales implicados. En ese sentido recuerdan que las autoridades del Colegio de Abogados visitaron los domicilios de los estudios jur\u00eddicos de los Doctores Degoumois y Ghio, con el prop\u00f3sito de cumplir con tareas de veedur\u00eda y asegurar que no se vean afectados los derechos de los profesionales, quienes se encontraban presentes.<\/p>\n<p>Legalidad de la detenci\u00f3n<\/p>\n<p>Sobre la audiencia de control de legalidad de las detenciones, realizada el d\u00eda 6 de diciembre de 2024, el comunicado de los profesionales remarca que aunque esta es una cuesti\u00f3n estrictamente penal, \u201cno se observaron afectaciones a los derechos de los involucrados\u201d, aseveran.<\/p>\n<p>A\u00f1aden que la decisi\u00f3n del Juez de la IPP actuante confirm\u00f3 que los hechos iniciales se ajustan a las normativas procesales vigentes, \u201csin que esto altere el estado de inocencia de los profesionales implicados\u201d, subrayan. Con respecto al avance de la causa explican que todav\u00eda no se ha realizado la audiencia imputativa, \u201clo que impide que nuestra instituci\u00f3n y las partes involucradas cuenten con informaci\u00f3n b\u00e1sica sobre el caso\u201d, aclaran. Para finalizar se comprometen a seguir informando sobre esta situaci\u00f3n y, \u201cespecialmente, a continuar con nuestras funciones para velar que los acontecimientos no afecten el libre ejercicio de la profesi\u00f3n, en el marco de los Estatutos y normativas vigentes\u201d, concluyen los colegiados.<\/p>\n","protected":false},"excerpt":{"rendered":"<p>Los matriculados emitieron un comunicado detallando toda la actividad realizada por la entidad en el caso que tiene privados de la libertad a Ricardo Degoumois padre y su hijo hom\u00f3nimo, Daniel Baralle y Andr\u00e9s Gh\u00edo. COMUNICADO El Colegio de Abogados de la IV Circunscripci\u00f3n Judicial sostiene que ante los hechos p\u00fablicos y notorios que resultaron [&hellip;]<\/p>\n","protected":false},"author":3,"featured_media":57852,"comment_status":"closed","ping_status":"closed","sticky":false,"template":"","format":"standard","meta":{"_joinchat":[],"footnotes":""},"categories":[55,61],"tags":[],"class_list":{"0":"post-57851","1":"post","2":"type-post","3":"status-publish","4":"format-standard","5":"has-post-thumbnail","7":"category-reconquista","8":"category-regionales"},"_links":{"self":[{"href":"https:\/\/infovera.com.ar\/web\/wp-json\/wp\/v2\/posts\/57851","targetHints":{"allow":["GET"]}}],"collection":[{"href":"https:\/\/infovera.com.ar\/web\/wp-json\/wp\/v2\/posts"}],"about":[{"href":"https:\/\/infovera.com.ar\/web\/wp-json\/wp\/v2\/types\/post"}],"author":[{"embeddable":true,"href":"https:\/\/infovera.com.ar\/web\/wp-json\/wp\/v2\/users\/3"}],"replies":[{"embeddable":true,"href":"https:\/\/infovera.com.ar\/web\/wp-json\/wp\/v2\/comments?post=57851"}],"version-history":[{"count":0,"href":"https:\/\/infovera.com.ar\/web\/wp-json\/wp\/v2\/posts\/57851\/revisions"}],"wp:featuredmedia":[{"embeddable":true,"href":"https:\/\/infovera.com.ar\/web\/wp-json\/wp\/v2\/media\/57852"}],"wp:attachment":[{"href":"https:\/\/infovera.com.ar\/web\/wp-json\/wp\/v2\/media?parent=57851"}],"wp:term":[{"taxonomy":"category","embeddable":true,"href":"https:\/\/infovera.com.ar\/web\/wp-json\/wp\/v2\/categories?post=57851"},{"taxonomy":"post_tag","embeddable":true,"href":"https:\/\/infovera.com.ar\/web\/wp-json\/wp\/v2\/tags?post=57851"}],"curies":[{"name":"wp","href":"https:\/\/api.w.org\/{rel}","templated":true}]}}