{"id":57845,"date":"2024-12-07T10:17:06","date_gmt":"2024-12-07T13:17:06","guid":{"rendered":"https:\/\/infovera.com.ar\/web\/?p=57845"},"modified":"2024-12-07T16:34:17","modified_gmt":"2024-12-07T19:34:17","slug":"murio-un-operario-cayo-del-silo-del-molino-iman-de-reconquista","status":"publish","type":"post","link":"https:\/\/infovera.com.ar\/web\/2024\/12\/07\/murio-un-operario-cayo-del-silo-del-molino-iman-de-reconquista\/","title":{"rendered":"Muri\u00f3 un operario que cay\u00f3 del silo del Molino Im\u00e1n de Reconquista"},"content":{"rendered":"<p>Este s\u00e1bado, un operario que realizada tareas de limpieza en un silo del Molino Im\u00e1n, de Reconquista, se precipit\u00f3 tras perder la estabilidad.<\/p>\n<p>La ca\u00edda al piso inferior le produjo la muerte instant\u00e1nea a Francisco Romero, 60 a\u00f1os, domiciliado en el barrio 374 Viviendas.<\/p>\n<p>El m\u00e9dico policial prescindi\u00f3 de la autopsia, entendiendo que fue una muerte violenta.<\/p>\n<p>El fiscal en turno Dr. Maglier dispuso que el cuerpo sea entregado a sus familiares.<\/p>\n<p><a href=\"https:\/\/infovera.com.ar\/web\/wp-content\/uploads\/2024\/12\/silo-1.jpg\"><img loading=\"lazy\" decoding=\"async\" class=\"alignleft size-full wp-image-57847\" src=\"https:\/\/infovera.com.ar\/web\/wp-content\/uploads\/2024\/12\/silo-1.jpg\" alt=\"\" width=\"1600\" height=\"737\" srcset=\"https:\/\/infovera.com.ar\/web\/wp-content\/uploads\/2024\/12\/silo-1.jpg 1600w, https:\/\/infovera.com.ar\/web\/wp-content\/uploads\/2024\/12\/silo-1-696x321.jpg 696w, https:\/\/infovera.com.ar\/web\/wp-content\/uploads\/2024\/12\/silo-1-1068x492.jpg 1068w, https:\/\/infovera.com.ar\/web\/wp-content\/uploads\/2024\/12\/silo-1-912x420.jpg 912w\" sizes=\"auto, (max-width: 1600px) 100vw, 1600px\" \/><\/a><\/p>\n","protected":false},"excerpt":{"rendered":"<p>Este s\u00e1bado, un operario que realizada tareas de limpieza en un silo del Molino Im\u00e1n, de Reconquista, se precipit\u00f3 tras perder la estabilidad. La ca\u00edda al piso inferior le produjo la muerte instant\u00e1nea a Francisco Romero, 60 a\u00f1os, domiciliado en el barrio 374 Viviendas. El m\u00e9dico policial prescindi\u00f3 de la autopsia, entendiendo que fue una [&hellip;]<\/p>\n","protected":false},"author":3,"featured_media":57846,"comment_status":"closed","ping_status":"closed","sticky":false,"template":"","format":"standard","meta":{"_joinchat":[],"footnotes":""},"categories":[30,55,61],"tags":[],"class_list":{"0":"post-57845","1":"post","2":"type-post","3":"status-publish","4":"format-standard","5":"has-post-thumbnail","7":"category-policiales","8":"category-reconquista","9":"category-regionales"},"_links":{"self":[{"href":"https:\/\/infovera.com.ar\/web\/wp-json\/wp\/v2\/posts\/57845","targetHints":{"allow":["GET"]}}],"collection":[{"href":"https:\/\/infovera.com.ar\/web\/wp-json\/wp\/v2\/posts"}],"about":[{"href":"https:\/\/infovera.com.ar\/web\/wp-json\/wp\/v2\/types\/post"}],"author":[{"embeddable":true,"href":"https:\/\/infovera.com.ar\/web\/wp-json\/wp\/v2\/users\/3"}],"replies":[{"embeddable":true,"href":"https:\/\/infovera.com.ar\/web\/wp-json\/wp\/v2\/comments?post=57845"}],"version-history":[{"count":0,"href":"https:\/\/infovera.com.ar\/web\/wp-json\/wp\/v2\/posts\/57845\/revisions"}],"wp:featuredmedia":[{"embeddable":true,"href":"https:\/\/infovera.com.ar\/web\/wp-json\/wp\/v2\/media\/57846"}],"wp:attachment":[{"href":"https:\/\/infovera.com.ar\/web\/wp-json\/wp\/v2\/media?parent=57845"}],"wp:term":[{"taxonomy":"category","embeddable":true,"href":"https:\/\/infovera.com.ar\/web\/wp-json\/wp\/v2\/categories?post=57845"},{"taxonomy":"post_tag","embeddable":true,"href":"https:\/\/infovera.com.ar\/web\/wp-json\/wp\/v2\/tags?post=57845"}],"curies":[{"name":"wp","href":"https:\/\/api.w.org\/{rel}","templated":true}]}}