{"id":57807,"date":"2024-12-06T13:27:59","date_gmt":"2024-12-06T16:27:59","guid":{"rendered":"https:\/\/infovera.com.ar\/web\/?p=57807"},"modified":"2024-12-06T13:32:16","modified_gmt":"2024-12-06T16:32:16","slug":"michlig-celebro-la-aprobacion-de-la-necesidad-de-reformar-la-constitucion-provincial","status":"publish","type":"post","link":"https:\/\/infovera.com.ar\/web\/2024\/12\/06\/michlig-celebro-la-aprobacion-de-la-necesidad-de-reformar-la-constitucion-provincial\/","title":{"rendered":"Michlig celebr\u00f3 la aprobaci\u00f3n de la ley para reformar la Constituci\u00f3n provincial"},"content":{"rendered":"<p>El senador, jefe del bloque de Unidos, sostuvo: &#8220;Hoy nos embarga una enorme felicidad porque con la sanci\u00f3n de la LEY QUE DECLARA LA REFORMA DE LA CONSTITUCI\u00d3N PROVINCIAL, triunfa el DI\u00c1LOGO permanente y la construcci\u00f3n de los CONSENSOS necesarios, a partir de una absoluta RESPONSABILIDAD y GRANDEZA INSTITUCIONAL (despojados de toda mezquindades pol\u00edticas).<\/p>\n<p>Esta enorme e HIST\u00d3RICA transformaci\u00f3n normativa que se habilita con esta LEY de REFORMA, ser\u00e1 la m\u00e1s trascendental de los \u00faltimos 62 a\u00f1os, para brindarle al pueblo santafesino una CONSTITUCI\u00d3N MODERNA, TRANSPARENTE Y AL SERVICIO DE TODOS LOS CIUDADANOS DE LA INVENCIBLE PROVINCIA DE SANTA FE.<\/p>\n<p>Todo nuestro AGRADECIMIENTO a los que se sumaron al extenso y profundo trabajo reformista, a los 10 partidos que componen nuestra coalici\u00f3n de gobierno y a los legisladores de otros partidos que acompa\u00f1aron este proceso trascendental para el futuro de nuestra provincia y el mejoramiento institucional de nuestra democracia, en donde SANTA FE ESTAR\u00c1 SIEMPRE A LA VANGUARDIA nacional.<\/p>\n<p>Tambi\u00e9n el agradecimiento a nuestro Gobernador MAXIMILIANO PULLARO y a la Vicegobernadora GISELA SCAGLIA que han garantizado un escenario de absoluta libertad, sin interferencias de ning\u00fan tipo.<\/p>\n<p>HOY ESTAMOS HACIENDO HISTORIA!!!&#8221;<\/p>\n","protected":false},"excerpt":{"rendered":"<p>El senador, jefe del bloque de Unidos, sostuvo: &#8220;Hoy nos embarga una enorme felicidad porque con la sanci\u00f3n de la LEY QUE DECLARA LA REFORMA DE LA CONSTITUCI\u00d3N PROVINCIAL, triunfa el DI\u00c1LOGO permanente y la construcci\u00f3n de los CONSENSOS necesarios, a partir de una absoluta RESPONSABILIDAD y GRANDEZA INSTITUCIONAL (despojados de toda mezquindades pol\u00edticas). Esta [&hellip;]<\/p>\n","protected":false},"author":3,"featured_media":57808,"comment_status":"closed","ping_status":"closed","sticky":false,"template":"","format":"standard","meta":{"_joinchat":[],"footnotes":""},"categories":[66,60],"tags":[],"class_list":{"0":"post-57807","1":"post","2":"type-post","3":"status-publish","4":"format-standard","5":"has-post-thumbnail","7":"category-politica","8":"category-provinciales"},"_links":{"self":[{"href":"https:\/\/infovera.com.ar\/web\/wp-json\/wp\/v2\/posts\/57807","targetHints":{"allow":["GET"]}}],"collection":[{"href":"https:\/\/infovera.com.ar\/web\/wp-json\/wp\/v2\/posts"}],"about":[{"href":"https:\/\/infovera.com.ar\/web\/wp-json\/wp\/v2\/types\/post"}],"author":[{"embeddable":true,"href":"https:\/\/infovera.com.ar\/web\/wp-json\/wp\/v2\/users\/3"}],"replies":[{"embeddable":true,"href":"https:\/\/infovera.com.ar\/web\/wp-json\/wp\/v2\/comments?post=57807"}],"version-history":[{"count":0,"href":"https:\/\/infovera.com.ar\/web\/wp-json\/wp\/v2\/posts\/57807\/revisions"}],"wp:featuredmedia":[{"embeddable":true,"href":"https:\/\/infovera.com.ar\/web\/wp-json\/wp\/v2\/media\/57808"}],"wp:attachment":[{"href":"https:\/\/infovera.com.ar\/web\/wp-json\/wp\/v2\/media?parent=57807"}],"wp:term":[{"taxonomy":"category","embeddable":true,"href":"https:\/\/infovera.com.ar\/web\/wp-json\/wp\/v2\/categories?post=57807"},{"taxonomy":"post_tag","embeddable":true,"href":"https:\/\/infovera.com.ar\/web\/wp-json\/wp\/v2\/tags?post=57807"}],"curies":[{"name":"wp","href":"https:\/\/api.w.org\/{rel}","templated":true}]}}