{"id":57804,"date":"2024-12-06T13:23:02","date_gmt":"2024-12-06T16:23:02","guid":{"rendered":"https:\/\/infovera.com.ar\/web\/?p=57804"},"modified":"2024-12-07T09:33:25","modified_gmt":"2024-12-07T12:33:25","slug":"por-14-votos-contra-3-el-senado-sanciono-la-ley-para-reformar-la-constitucion-de-santa-fe","status":"publish","type":"post","link":"https:\/\/infovera.com.ar\/web\/2024\/12\/06\/por-14-votos-contra-3-el-senado-sanciono-la-ley-para-reformar-la-constitucion-de-santa-fe\/","title":{"rendered":"Por 14 votos contra 3, el Senado sancion\u00f3 la ley para Reformar la Constituci\u00f3n de Santa Fe"},"content":{"rendered":"<p>El resultado fue 14 votos a favor y 3 en contra. Hubo dos 2 senadores del PJ ausentes.<\/p>\n<p>La C\u00e1mara de Senadores de Santa Fe aprob\u00f3 este viernes por la ma\u00f1ana el proyecto que habilita la Reforma de la Constituci\u00f3n provincial. Tras la media sanci\u00f3n en Diputados, se busca convertir en ley la iniciativa que impulsa el oficialismo.<\/p>\n<p>Con 17 senadores presentes, diputados de Unidos y funcionarios del Ejecutivo, entre ellos el ministro de Gobierno, Fabi\u00e1n Bastia, se inici\u00f3 la reuni\u00f3n.<\/p>\n<p>&nbsp;<\/p>\n","protected":false},"excerpt":{"rendered":"<p>El resultado fue 14 votos a favor y 3 en contra. Hubo dos 2 senadores del PJ ausentes. La C\u00e1mara de Senadores de Santa Fe aprob\u00f3 este viernes por la ma\u00f1ana el proyecto que habilita la Reforma de la Constituci\u00f3n provincial. Tras la media sanci\u00f3n en Diputados, se busca convertir en ley la iniciativa que [&hellip;]<\/p>\n","protected":false},"author":3,"featured_media":57805,"comment_status":"closed","ping_status":"closed","sticky":false,"template":"","format":"standard","meta":{"_joinchat":[],"footnotes":""},"categories":[66,60],"tags":[],"class_list":{"0":"post-57804","1":"post","2":"type-post","3":"status-publish","4":"format-standard","5":"has-post-thumbnail","7":"category-politica","8":"category-provinciales"},"_links":{"self":[{"href":"https:\/\/infovera.com.ar\/web\/wp-json\/wp\/v2\/posts\/57804","targetHints":{"allow":["GET"]}}],"collection":[{"href":"https:\/\/infovera.com.ar\/web\/wp-json\/wp\/v2\/posts"}],"about":[{"href":"https:\/\/infovera.com.ar\/web\/wp-json\/wp\/v2\/types\/post"}],"author":[{"embeddable":true,"href":"https:\/\/infovera.com.ar\/web\/wp-json\/wp\/v2\/users\/3"}],"replies":[{"embeddable":true,"href":"https:\/\/infovera.com.ar\/web\/wp-json\/wp\/v2\/comments?post=57804"}],"version-history":[{"count":0,"href":"https:\/\/infovera.com.ar\/web\/wp-json\/wp\/v2\/posts\/57804\/revisions"}],"wp:featuredmedia":[{"embeddable":true,"href":"https:\/\/infovera.com.ar\/web\/wp-json\/wp\/v2\/media\/57805"}],"wp:attachment":[{"href":"https:\/\/infovera.com.ar\/web\/wp-json\/wp\/v2\/media?parent=57804"}],"wp:term":[{"taxonomy":"category","embeddable":true,"href":"https:\/\/infovera.com.ar\/web\/wp-json\/wp\/v2\/categories?post=57804"},{"taxonomy":"post_tag","embeddable":true,"href":"https:\/\/infovera.com.ar\/web\/wp-json\/wp\/v2\/tags?post=57804"}],"curies":[{"name":"wp","href":"https:\/\/api.w.org\/{rel}","templated":true}]}}