{"id":57797,"date":"2024-12-06T10:41:48","date_gmt":"2024-12-06T13:41:48","guid":{"rendered":"https:\/\/infovera.com.ar\/web\/?p=57797"},"modified":"2024-12-06T13:41:05","modified_gmt":"2024-12-06T16:41:05","slug":"el-gobierno-provincial-habilita-dos-obras-muy-esperadas-por-los-vecinos-del-norte-santafesino","status":"publish","type":"post","link":"https:\/\/infovera.com.ar\/web\/2024\/12\/06\/el-gobierno-provincial-habilita-dos-obras-muy-esperadas-por-los-vecinos-del-norte-santafesino\/","title":{"rendered":"El gobierno provincial habilita dos obras muy esperadas por los vecinos del norte santafesino"},"content":{"rendered":"<p>El mi\u00e9rcoles a las 11 se inaugurar\u00e1 el paso en el nuevo puente Paran\u00e1 Min\u00ed, en Villa Ocampo, y a las 13, se abrir\u00e1n las puertas de la renovada Cocina Centralizada de Reconquista.<\/p>\n<p>El mi\u00e9rcoles, en el departamento General Obligado, autoridades provinciales habilitar\u00e1n dos obras que marcar\u00e1n un antes y un despu\u00e9s en esa regi\u00f3n: a las 11 se habilitar\u00e1 el paso en el nuevo puente Paran\u00e1 Min\u00ed en Villa Ocampo, y a las 13, se abrir\u00e1n las puertas de la renovada Cocina Centralizada de Reconquista.<\/p>\n<p>En principio, en Villa Ocampo, se cortar\u00e1n las cintas del nuevo Puente Paran\u00e1 Min\u00ed, un proyecto que el gobierno de Maximiliano Pullaro prioriz\u00f3 para ejecutar en su primer a\u00f1o de gesti\u00f3n.<\/p>\n<p>La obra posibilitar\u00e1 la circulaci\u00f3n desde Villa Ocampo a Puerto Ocampo, lo que genera distintos beneficios para los vecinos, entre ellos, una importante contribuci\u00f3n al traslado de la producci\u00f3n regional.<\/p>\n<p>Esta obra resulta clave para que en una pr\u00f3xima etapa se pueda profundizar la conexi\u00f3n de Santa Fe con la Provincia de Corrientes.<\/p>\n<p>Por otra parte, el ministro de Obras P\u00fablicas Lisandro Enrico, inform\u00f3 que este mi\u00e9rcoles se estar\u00e1 reinaugurando la Cocina Centralizada en la ciudad de Reconquista. Cabe recordar que esta obra cont\u00f3 con un fuerte respaldo de la nueva gesti\u00f3n provincial para que sea terminada.<\/p>\n<p>Se hab\u00eda iniciado hace 7 a\u00f1os y estuvo paralizada mucho tiempo, incluso en 2023 su situaci\u00f3n era demasiado compleja, todo indicaba que quedar\u00eda inconclusa. Sin embargo, sali\u00f3 a flote.<\/p>\n<p>Result\u00f3 ser un desafi\u00f3 que tom\u00f3 en 2024 el Ministerio de Obras P\u00fablicas por el rol social que cumple esta instituci\u00f3n; por ende, con el objetivo de reactivar y terminar la obra se llev\u00f3 adelante una ardua negociaci\u00f3n con la empresa a cargo.<\/p>\n<p>La Cocina Centralizada garantiza la producci\u00f3n de raciones para miles de vecinos de la ciudad, ya que nuclea a los distintos establecimientos escolares y desarrolla una labor conjunta con los comedores para que los ni\u00f1os de Reconquista puedan acceder diariamente a una alimentaci\u00f3n de calidad.<\/p>\n","protected":false},"excerpt":{"rendered":"<p>El mi\u00e9rcoles a las 11 se inaugurar\u00e1 el paso en el nuevo puente Paran\u00e1 Min\u00ed, en Villa Ocampo, y a las 13, se abrir\u00e1n las puertas de la renovada Cocina Centralizada de Reconquista. El mi\u00e9rcoles, en el departamento General Obligado, autoridades provinciales habilitar\u00e1n dos obras que marcar\u00e1n un antes y un despu\u00e9s en esa regi\u00f3n: [&hellip;]<\/p>\n","protected":false},"author":3,"featured_media":57798,"comment_status":"closed","ping_status":"closed","sticky":false,"template":"","format":"standard","meta":{"_joinchat":[],"footnotes":""},"categories":[61],"tags":[],"class_list":{"0":"post-57797","1":"post","2":"type-post","3":"status-publish","4":"format-standard","5":"has-post-thumbnail","7":"category-regionales"},"_links":{"self":[{"href":"https:\/\/infovera.com.ar\/web\/wp-json\/wp\/v2\/posts\/57797","targetHints":{"allow":["GET"]}}],"collection":[{"href":"https:\/\/infovera.com.ar\/web\/wp-json\/wp\/v2\/posts"}],"about":[{"href":"https:\/\/infovera.com.ar\/web\/wp-json\/wp\/v2\/types\/post"}],"author":[{"embeddable":true,"href":"https:\/\/infovera.com.ar\/web\/wp-json\/wp\/v2\/users\/3"}],"replies":[{"embeddable":true,"href":"https:\/\/infovera.com.ar\/web\/wp-json\/wp\/v2\/comments?post=57797"}],"version-history":[{"count":0,"href":"https:\/\/infovera.com.ar\/web\/wp-json\/wp\/v2\/posts\/57797\/revisions"}],"wp:featuredmedia":[{"embeddable":true,"href":"https:\/\/infovera.com.ar\/web\/wp-json\/wp\/v2\/media\/57798"}],"wp:attachment":[{"href":"https:\/\/infovera.com.ar\/web\/wp-json\/wp\/v2\/media?parent=57797"}],"wp:term":[{"taxonomy":"category","embeddable":true,"href":"https:\/\/infovera.com.ar\/web\/wp-json\/wp\/v2\/categories?post=57797"},{"taxonomy":"post_tag","embeddable":true,"href":"https:\/\/infovera.com.ar\/web\/wp-json\/wp\/v2\/tags?post=57797"}],"curies":[{"name":"wp","href":"https:\/\/api.w.org\/{rel}","templated":true}]}}