{"id":57787,"date":"2024-12-05T18:48:38","date_gmt":"2024-12-05T21:48:38","guid":{"rendered":"https:\/\/infovera.com.ar\/web\/?p=57787"},"modified":"2024-12-05T20:02:51","modified_gmt":"2024-12-05T23:02:51","slug":"la-municipalidad-de-vera-invita-al-encendido-del-arbol-de-navidad","status":"publish","type":"post","link":"https:\/\/infovera.com.ar\/web\/2024\/12\/05\/la-municipalidad-de-vera-invita-al-encendido-del-arbol-de-navidad\/","title":{"rendered":"La Municipalidad de Vera invita al encendido del \u00c1rbol de Navidad"},"content":{"rendered":"<p>La Municipalidad de Vera, a trav\u00e9s de la Direcci\u00f3n de Cultura y Educaci\u00f3n, invita a los vecinos a participar del tradicional encendido del \u00e1rbol de navidad que se emplaza en el predio del Complejo \u201cLa Estaci\u00f3n\u201d.<\/p>\n<p>El inicio del evento est\u00e1 previsto para las 20:30 y contar\u00e1 adem\u00e1s con espect\u00e1culos de m\u00fasica y baile de artistas locales.<\/p>\n","protected":false},"excerpt":{"rendered":"<p>La Municipalidad de Vera, a trav\u00e9s de la Direcci\u00f3n de Cultura y Educaci\u00f3n, invita a los vecinos a participar del tradicional encendido del \u00e1rbol de navidad que se emplaza en el predio del Complejo \u201cLa Estaci\u00f3n\u201d. El inicio del evento est\u00e1 previsto para las 20:30 y contar\u00e1 adem\u00e1s con espect\u00e1culos de m\u00fasica y baile de [&hellip;]<\/p>\n","protected":false},"author":3,"featured_media":57788,"comment_status":"closed","ping_status":"closed","sticky":false,"template":"","format":"standard","meta":{"_joinchat":[],"footnotes":""},"categories":[53],"tags":[],"class_list":{"0":"post-57787","1":"post","2":"type-post","3":"status-publish","4":"format-standard","5":"has-post-thumbnail","7":"category-vera"},"_links":{"self":[{"href":"https:\/\/infovera.com.ar\/web\/wp-json\/wp\/v2\/posts\/57787","targetHints":{"allow":["GET"]}}],"collection":[{"href":"https:\/\/infovera.com.ar\/web\/wp-json\/wp\/v2\/posts"}],"about":[{"href":"https:\/\/infovera.com.ar\/web\/wp-json\/wp\/v2\/types\/post"}],"author":[{"embeddable":true,"href":"https:\/\/infovera.com.ar\/web\/wp-json\/wp\/v2\/users\/3"}],"replies":[{"embeddable":true,"href":"https:\/\/infovera.com.ar\/web\/wp-json\/wp\/v2\/comments?post=57787"}],"version-history":[{"count":0,"href":"https:\/\/infovera.com.ar\/web\/wp-json\/wp\/v2\/posts\/57787\/revisions"}],"wp:featuredmedia":[{"embeddable":true,"href":"https:\/\/infovera.com.ar\/web\/wp-json\/wp\/v2\/media\/57788"}],"wp:attachment":[{"href":"https:\/\/infovera.com.ar\/web\/wp-json\/wp\/v2\/media?parent=57787"}],"wp:term":[{"taxonomy":"category","embeddable":true,"href":"https:\/\/infovera.com.ar\/web\/wp-json\/wp\/v2\/categories?post=57787"},{"taxonomy":"post_tag","embeddable":true,"href":"https:\/\/infovera.com.ar\/web\/wp-json\/wp\/v2\/tags?post=57787"}],"curies":[{"name":"wp","href":"https:\/\/api.w.org\/{rel}","templated":true}]}}