{"id":57757,"date":"2024-12-05T08:56:25","date_gmt":"2024-12-05T11:56:25","guid":{"rendered":"https:\/\/infovera.com.ar\/web\/?p=57757"},"modified":"2024-12-05T18:31:45","modified_gmt":"2024-12-05T21:31:45","slug":"video-comenzo-el-juicio-a-un-abogado-por-abuso-sexual-pedido-de-prision-e-inhabilitacion-perpetua","status":"publish","type":"post","link":"https:\/\/infovera.com.ar\/web\/2024\/12\/05\/video-comenzo-el-juicio-a-un-abogado-por-abuso-sexual-pedido-de-prision-e-inhabilitacion-perpetua\/","title":{"rendered":"(Video) Comenz\u00f3 el juicio a un abogado por abuso sexual: pedido de prisi\u00f3n e inhabilitaci\u00f3n perpetua"},"content":{"rendered":"<p>El letrado est\u00e1 acusado de haber vulnerado la integridad de una menor. El hecho habr\u00eda ocurrido en su estudio jur\u00eddico, seg\u00fan la acusaci\u00f3n fiscal.<\/p>\n<p>La justicia de Reconquista dio inicio a un juicio oral y (semi) p\u00fablico contra el abogado Ricardo Degoumois, que arrib\u00f3 a la instancia final del proceso en libertad imputado por abuso sexual simple del que ser\u00eda v\u00edctima una menor, supuestamente ocurrido entre octubre y noviembre de 2022.<\/p>\n<p>A primera hora del mi\u00e9rcoles y sin la presencia de la prensa, se pronunciaron los alegatos de apertura en una audiencia. El juez Mart\u00edn Gauna Chapero preside el tribunal unipersonal.<\/p>\n<p><iframe loading=\"lazy\" title=\"Comenz\u00f3 el juicio a un abogado por abuso sexual\" width=\"696\" height=\"392\" src=\"https:\/\/www.youtube.com\/embed\/BA6UGVKgDng?feature=oembed\" frameborder=\"0\" allow=\"accelerometer; autoplay; clipboard-write; encrypted-media; gyroscope; picture-in-picture; web-share\" referrerpolicy=\"strict-origin-when-cross-origin\" allowfullscreen><\/iframe><\/p>\n<p>Tras ese paso inicial, y ya con los medios autorizados a ingresar a la sala, las partes se dirigieron a efectuar una constataci\u00f3n a la sede del estudio jur\u00eddico ofrecida por el propio acusado.<\/p>\n<p>De regreso al palacio tribunalicio, pudieron escucharse las declaraciones de cuatro testigos, entre ellas las de tres docentes de la escuela de Puerto Reconquista a la que asiste la pretensa v\u00edctima.<\/p>\n<p>De acuerdo a la acusaci\u00f3n fiscal, Degoumois se habr\u00eda aprovechado de la inocencia de la adolescente al momento de prepararla para afrontar una C\u00e1mara Gesell en una causa por abuso sexual en la que estaba imputado un primo suyo, defendido por el profesional.<\/p>\n<p>El caso fue detectado por las autoridades del establecimiento educativo a ra\u00edz de la conducta de la menor, que presentaba signos de angustia y nerviosismo. Ante la negativa de la familia a avanzar con una denuncia -se cree para no perjudicar al primo encartado-, fue el Equipo Socioeducativo Interdisciplinario del Ministerio de Educaci\u00f3n el que judicializ\u00f3 las sospechas de abuso.<\/p>\n<p>Los fiscales Valent\u00edn Here\u00f1\u00fa y Georgina D\u00edaz -bajo la supervisi\u00f3n de su par Alejandra del R\u00edo Ayala- reclamaron que Degoumois sea condenado a cuatro a\u00f1os y tres meses de prisi\u00f3n efectiva, m\u00e1s m\u00e1s la inhabilitaci\u00f3n especial perpetua para ejercer la profesi\u00f3n.<\/p>\n<p>En tanto, la defensa conformada por los doctores Andr\u00e9s Gh\u00edo, Ra\u00fal Superti y Ricardo Degoumois (h) pidi\u00f3 la absoluci\u00f3n del penalista norte\u00f1o, exjefe del \u00e1rea Legales del municipio reconquistense, cargo al que debi\u00f3 renunciar al momento de hacerse p\u00fablica la denuncia.<\/p>\n<p>Las testimoniales continuar\u00e1n jueves y viernes, y la semana que viene podr\u00eda leerse el veredicto.<\/p>\n<p><strong>Acompa\u00f1amiento<\/strong><\/p>\n<p>En la explanada de los Tribunales de Reconquista se concentraron representantes de movimientos feministas al grito de \u201cya no queremos impunidad, adonde vayan los iremos a buscar\u201d, y una representaci\u00f3n de Amsafe General Obligado cuyo titular, Edgardo Cretaz, indic\u00f3: \u201cEstamos ac\u00e1 en car\u00e1cter de sindicato acompa\u00f1ando, en primer lugar, tanto a la adolescente que vio vulnerado su derecho en este abuso, pero tambi\u00e9n a docentes, profesoras de la escuela secundaria donde nace todo este proceso, que hoy tienen que dar testimonio. Entonces estamos aqu\u00ed para que se sientan respaldadas\u201d.<\/p>\n<p>El dirigente sostuvo que \u201cla verdad que nosotros como docentes tenemos la obligaci\u00f3n de comunicar cualquier caso de estas caracter\u00edsticas por ley, por la ley nacional, y tenemos protocolos de actuaci\u00f3n dentro de nuestra normativa provincial que dicen lo que tenemos que hacer. La verdad que hay que decirlo, tanto el equipo directivo como las profesoras actuaron de acuerdo a la normativa y muy bien. Tambi\u00e9n la regi\u00f3n actu\u00f3 r\u00e1pidamente, bueno, sigui\u00f3 todo ese proceso interno de la parte administrativa y lleg\u00f3 a un juicio\u201d.<\/p>\n<p>\u201cY en ese juicio, las docentes tienen que venir a testimoniar y estamos dici\u00e9ndoles que estamos respald\u00e1ndolas, llev\u00e1ndoles tranquilidad. La verdad que adem\u00e1s del sindicato tambi\u00e9n deber\u00eda estar ac\u00e1 el Ministerio de Educaci\u00f3n d\u00e1ndoles respaldo a trav\u00e9s de la Regi\u00f3n II. Por lo menos para que se sientan tranquilas, porque hay temor de las chicas, porque uno no est\u00e1 acostumbrado a esto como profesora o como profesor, entonces tienen que estar tranquilas\u201d.<\/p>\n<p><strong>Valorar la ESI<\/strong><\/p>\n<p>Cretaz ponder\u00f3 que \u201csiempre viene bien poner en valor todo este tema de la ESI, porque esto nace a partir de la Educaci\u00f3n Sexual Integral. En este caso una adolescente, pero tambi\u00e9n tenemos casos de ni\u00f1as de jard\u00edn, de primaria, que se animan a hablar, que se animan a contar en la escuela. Y la escuela es el \u00e1mbito donde se animan a contar. Y a partir de ah\u00ed se han descubierto miles de casos de estas caracter\u00edsticas que terminan en juicios y que terminan con culpables\u201d.<\/p>\n<p>M\u00e1s adelante, dijo m\u00e1s all\u00e1 de la obligaci\u00f3n legal de denunciar estos casos, \u201ccreo que moral y \u00e9ticamente como docentes, ante un caso de que una ni\u00f1a o un ni\u00f1o adolescente nos cuente algo que le est\u00e1 pasando, tenemos que comunicarlo. Escucharlo en primer lugar, comunicar a nuestro superior, al director, al director y de ah\u00ed empezar el proceso administrativo\u201d.<\/p>\n<p>En el final, Cretaz insisti\u00f3 con la necesidad de acompa\u00f1ar a las denunciantes porque \u201cest\u00e1n exponi\u00e9ndose, la verdad que se exponen ante un acusado que uno nunca sabe c\u00f3mo va a reaccionar. Tenemos casos de violencia hacia docentes que han denunciado. El caso m\u00e1s emblem\u00e1tico es el de Vanessa Castillo en la ciudad de Santa Fe. Entonces, ante esto, nosotros queremos que las docentes se sientan respaldadas\u201d.<\/p>\n","protected":false},"excerpt":{"rendered":"<p>El letrado est\u00e1 acusado de haber vulnerado la integridad de una menor. El hecho habr\u00eda ocurrido en su estudio jur\u00eddico, seg\u00fan la acusaci\u00f3n fiscal. La justicia de Reconquista dio inicio a un juicio oral y (semi) p\u00fablico contra el abogado Ricardo Degoumois, que arrib\u00f3 a la instancia final del proceso en libertad imputado por abuso [&hellip;]<\/p>\n","protected":false},"author":3,"featured_media":57758,"comment_status":"closed","ping_status":"closed","sticky":false,"template":"","format":"standard","meta":{"_joinchat":[],"footnotes":""},"categories":[30,55,61],"tags":[],"class_list":{"0":"post-57757","1":"post","2":"type-post","3":"status-publish","4":"format-standard","5":"has-post-thumbnail","7":"category-policiales","8":"category-reconquista","9":"category-regionales"},"_links":{"self":[{"href":"https:\/\/infovera.com.ar\/web\/wp-json\/wp\/v2\/posts\/57757","targetHints":{"allow":["GET"]}}],"collection":[{"href":"https:\/\/infovera.com.ar\/web\/wp-json\/wp\/v2\/posts"}],"about":[{"href":"https:\/\/infovera.com.ar\/web\/wp-json\/wp\/v2\/types\/post"}],"author":[{"embeddable":true,"href":"https:\/\/infovera.com.ar\/web\/wp-json\/wp\/v2\/users\/3"}],"replies":[{"embeddable":true,"href":"https:\/\/infovera.com.ar\/web\/wp-json\/wp\/v2\/comments?post=57757"}],"version-history":[{"count":0,"href":"https:\/\/infovera.com.ar\/web\/wp-json\/wp\/v2\/posts\/57757\/revisions"}],"wp:featuredmedia":[{"embeddable":true,"href":"https:\/\/infovera.com.ar\/web\/wp-json\/wp\/v2\/media\/57758"}],"wp:attachment":[{"href":"https:\/\/infovera.com.ar\/web\/wp-json\/wp\/v2\/media?parent=57757"}],"wp:term":[{"taxonomy":"category","embeddable":true,"href":"https:\/\/infovera.com.ar\/web\/wp-json\/wp\/v2\/categories?post=57757"},{"taxonomy":"post_tag","embeddable":true,"href":"https:\/\/infovera.com.ar\/web\/wp-json\/wp\/v2\/tags?post=57757"}],"curies":[{"name":"wp","href":"https:\/\/api.w.org\/{rel}","templated":true}]}}