{"id":57707,"date":"2024-12-02T18:43:24","date_gmt":"2024-12-02T21:43:24","guid":{"rendered":"https:\/\/infovera.com.ar\/web\/?p=57707"},"modified":"2024-12-02T18:43:24","modified_gmt":"2024-12-02T21:43:24","slug":"imputaron-por-lesiones-graves-al-formoseno-que-atropello-a-una-docente-de-malabrigo","status":"publish","type":"post","link":"https:\/\/infovera.com.ar\/web\/2024\/12\/02\/imputaron-por-lesiones-graves-al-formoseno-que-atropello-a-una-docente-de-malabrigo\/","title":{"rendered":"Imputaron por lesiones graves al formose\u00f1o que atropell\u00f3 a una docente de Malabrigo"},"content":{"rendered":"<p class=\"p1\">Este lunes en los tribunales de Reconquista, imputaron por Lesiones Graves en Accidente de Tr\u00e1nsito a Osvaldo Rodofo O&#8217;iggins de Formosa.<\/p>\n<p class=\"p1\"><span class=\"s1\">Tiene que ver con el accidente tr\u00e1nsito ocurrido el 28 de noviembre en jurisdicci\u00f3n de Malabrigo donde result\u00f3 con lesiones graves la docente Lucrecia Alesso, de Malabrigo,<span class=\"Apple-converted-space\">\u00a0 <\/span>quien se desplazaba en moto.<\/span><\/p>\n<p class=\"p1\"><span class=\"s1\">Se acord\u00f3 una libertad con restrinciones y sigue ligado a la causa. <\/span><\/p>\n<p class=\"p1\"><span class=\"s1\">El imputado fijo domicilio en Formosa y qued\u00f3 inhabilitado por treinta tacdis para conducir veh\u00edculos a contar a partir del cuatro de diciembre. Tambi\u00e9n se acordo que para futuras audiencias pueda realizar las por zoom y se oficio a la Comisar\u00eda de Makabrigo para la devoluci\u00f3n de pertenencias y el veh\u00edculo. <\/span><\/p>\n<p class=\"p1\"><span class=\"s1\">El juez Dr. Santiago Banegas, aprob\u00f3 el acuerdo. <\/span><\/p>\n<p class=\"p1\"><span class=\"s1\">Fue defensor el Dr Alcides Vallejos<\/span><\/p>\n","protected":false},"excerpt":{"rendered":"<p>Este lunes en los tribunales de Reconquista, imputaron por Lesiones Graves en Accidente de Tr\u00e1nsito a Osvaldo Rodofo O&#8217;iggins de Formosa. Tiene que ver con el accidente tr\u00e1nsito ocurrido el 28 de noviembre en jurisdicci\u00f3n de Malabrigo donde result\u00f3 con lesiones graves la docente Lucrecia Alesso, de Malabrigo,\u00a0 quien se desplazaba en moto. Se acord\u00f3 [&hellip;]<\/p>\n","protected":false},"author":3,"featured_media":57708,"comment_status":"closed","ping_status":"closed","sticky":false,"template":"","format":"standard","meta":{"_joinchat":[],"footnotes":""},"categories":[55],"tags":[],"class_list":{"0":"post-57707","1":"post","2":"type-post","3":"status-publish","4":"format-standard","5":"has-post-thumbnail","7":"category-reconquista"},"_links":{"self":[{"href":"https:\/\/infovera.com.ar\/web\/wp-json\/wp\/v2\/posts\/57707","targetHints":{"allow":["GET"]}}],"collection":[{"href":"https:\/\/infovera.com.ar\/web\/wp-json\/wp\/v2\/posts"}],"about":[{"href":"https:\/\/infovera.com.ar\/web\/wp-json\/wp\/v2\/types\/post"}],"author":[{"embeddable":true,"href":"https:\/\/infovera.com.ar\/web\/wp-json\/wp\/v2\/users\/3"}],"replies":[{"embeddable":true,"href":"https:\/\/infovera.com.ar\/web\/wp-json\/wp\/v2\/comments?post=57707"}],"version-history":[{"count":0,"href":"https:\/\/infovera.com.ar\/web\/wp-json\/wp\/v2\/posts\/57707\/revisions"}],"wp:featuredmedia":[{"embeddable":true,"href":"https:\/\/infovera.com.ar\/web\/wp-json\/wp\/v2\/media\/57708"}],"wp:attachment":[{"href":"https:\/\/infovera.com.ar\/web\/wp-json\/wp\/v2\/media?parent=57707"}],"wp:term":[{"taxonomy":"category","embeddable":true,"href":"https:\/\/infovera.com.ar\/web\/wp-json\/wp\/v2\/categories?post=57707"},{"taxonomy":"post_tag","embeddable":true,"href":"https:\/\/infovera.com.ar\/web\/wp-json\/wp\/v2\/tags?post=57707"}],"curies":[{"name":"wp","href":"https:\/\/api.w.org\/{rel}","templated":true}]}}