{"id":57669,"date":"2024-12-02T07:35:17","date_gmt":"2024-12-02T10:35:17","guid":{"rendered":"https:\/\/infovera.com.ar\/web\/?p=57669"},"modified":"2024-12-02T07:35:17","modified_gmt":"2024-12-02T10:35:17","slug":"con-la-participacion-de-53-000-estudiantes-y-mas-de-6-300-docentes-y-directivos-finaliza-el-plan-de-alfabetizacion-raiz-2024","status":"publish","type":"post","link":"https:\/\/infovera.com.ar\/web\/2024\/12\/02\/con-la-participacion-de-53-000-estudiantes-y-mas-de-6-300-docentes-y-directivos-finaliza-el-plan-de-alfabetizacion-raiz-2024\/","title":{"rendered":"Con la participaci\u00f3n de 53.000 estudiantes y m\u00e1s de 6.300 docentes y directivos, finaliza el Plan de Alfabetizaci\u00f3n Ra\u00edz 2024"},"content":{"rendered":"<p>Durante 2024 se dictaron m\u00e1s de 300 cursos presenciales. Un total de 53.400 estudiantes de primer grado de toda la provincia fueron alcanzados por el plan. El objetivo de esta acci\u00f3n del Gobierno provincial es que los alumnos tengan una lectura y escritura fluida, ampl\u00eden vocabulario, dominen sistema de escritura y la comprensi\u00f3n y producci\u00f3n de textos.<\/p>\n<p>Con encuentros en Santa Fe y Reconquista (jueves y viernes pasado), y el \u00faltimo en Sunchales este lunes, cierra el ciclo de capacitaciones y formaci\u00f3n del Plan de Alfabetizaci\u00f3n Ra\u00edz, que el Gobierno de la Provincia llev\u00f3 adelante durante todo el 2024.<br \/>\nCabe destacar que en el marco de Ra\u00edz -plan impulsado por el gobernador Maximiliano Pullaro y el ministro de Educaci\u00f3n, Jos\u00e9 Goity- durante el presente a\u00f1o se programaron siete encuentros de capacitaci\u00f3n y formaci\u00f3n en alfabetizaci\u00f3n, tanto en el turno ma\u00f1ana como en el turno tarde, en 27 puntos de la provincia de Santa Fe que incluyeron a las localidades de Arruf\u00f3, Ca\u00f1ada de G\u00f3mez, Casilda, Cayast\u00e1, Coronda, Esperanza, G\u00e1lvez, Helvecia, Hersilia, Malabrigo, Rafaela, Reconquista, Rosario, San Crist\u00f3bal, San Javier, San Jorge, San Justo, San Lorenzo, San Vicente, Santa Fe, Tostado, Venado Tuerto, Vera, Villa Gobernador G\u00e1lvez, Villa Minetti, Villa Ocampo, Reconquista y Sunchales (se iba a realizar el martes 26 pero por razones clim\u00e1ticas pas\u00f3 para el martes 3 de diciembre).<\/p>\n<p>En Santa Fe, el jueves, el Centro de Educaci\u00f3n F\u00edsica (CEF) N\u00ba29 en la ciudad de Santa Fe fue el epicentro donde m\u00e1s de 1.500 docentes participaron del cierre de ciclo.<\/p>\n<p>Cabe destacar que, en este a\u00f1o, 53.400 estudiantes de primer grado de toda la provincia fueron alcanzados por el plan Ra\u00edz a trav\u00e9s de una cobertura universal que incluy\u00f3 la distribuci\u00f3n de 150.000 libros (una novela y un libro de actividades para cada alumno y docente) en 1.476 escuelas de la provincia.<\/p>\n<p>La alfabetizaci\u00f3n como eje central<\/p>\n<p>Docentes y directivos se vincularon con la pol\u00edtica de alfabetizaci\u00f3n mediante un contacto rico y dial\u00f3gico con las capacitadoras, materiales de lectura y recursos did\u00e1cticos. Cada instancia fue una propuesta de aula equilibrada en funci\u00f3n de garantizar que ni\u00f1os y ni\u00f1as tengan todas las semanas la posibilidad de avanzar en el dominio del sistema de escritura, de interactuar con textos y de expresar por escrito sus experiencias e historias imaginadas.<\/p>\n<p>La subsecretaria de Calidad Educativa de la Provincia, Mariana Migliano, se\u00f1al\u00f3 en Santa Fe que \u201cestamos viendo lo que pas\u00f3 en el aula durante todo el a\u00f1o, donde la alfabetizaci\u00f3n fue el eje troncal de la pol\u00edtica p\u00fablica del Gobierno de la Provincia, siendo un insumo muy importante para lo que se viene el a\u00f1o pr\u00f3ximo donde tendremos primer y segundo grado dentro del programa\u201d.<\/p>\n<p>Igualar aprendizajes<\/p>\n<p>En la ciudad de Santa Fe se desarroll\u00f3 la \u201cFeria de Experiencias de aula\u201d, un claro ejemplo de puesta en valor, reconocimiento y valoraci\u00f3n del camino transitado y de los aprendizajes alcanzados. Una instancia de aprendizaje que intent\u00f3 recuperar las producciones del primer a\u00f1o de implementaci\u00f3n de esta pol\u00edtica de alfabetizaci\u00f3n en un marco de situaciones did\u00e1cticas, seg\u00fan prop\u00f3sitos espec\u00edficos.<\/p>\n<p>En ese marco, Daiana Ayala, docente del Colegio Visi\u00f3n de Futuro reconoci\u00f3 que Ra\u00edz \u201cfue algo nuevo donde pudimos intercambiar experiencias y vemos los frutos favorables en los chicos\u201d. En tanto que su colega, Sofia Arzamendia, resalt\u00f3 \u201cel entusiasmo que se fue generando durante las actividades que trajo el libro tanto en los alumnos como en los docentes\u201d. Nazarena Finuchi, docente de la escuela rural N.\u00ba 790 de Coronda, puso en valor \u201cla pol\u00edtica que nos iguala a todas las escuelas, de la ciudad y del campo, aprendiendo con los mismos materiales. Los chicos sab\u00edan que ten\u00edan todos los elementos para alfabetizarse como los ten\u00edan aquellos ni\u00f1os y ni\u00f1as que van a escuelas en las ciudades\u201d.<\/p>\n<p>Para la directora de la Escuela N.\u00ba 435 \u201cJuan Bautista Alberdi\u201d de San Javier, Andrea Saba, culminar el Plan Ra\u00edz es \u201ctarea cumplida, tarea lograda, todos los chicos con el mismo libro y alfabetizados, lo que fue un desaf\u00edo gigantesco\u201d.<\/p>\n<p>Ra\u00edz, es el Plan de Alfabetizaci\u00f3n de la provincia de Santa Fe y tiene como prop\u00f3sito que todos los ni\u00f1os y las ni\u00f1as adquieran al finalizar el primer ciclo de la educaci\u00f3n primaria, una lectura y escritura fluida, la ampliaci\u00f3n de su vocabulario, el dominio del sistema de escritura y la comprensi\u00f3n y producci\u00f3n de textos. Se vincula, entonces, con la capacidad de leer y escribir mediante pr\u00e1cticas de lectura y escritura que desaf\u00edan la comprensi\u00f3n y el conocimiento del c\u00f3digo, entre textos completos y unidades menores, en contacto con variados estilos del lenguaje escrito.<\/p>\n","protected":false},"excerpt":{"rendered":"<p>Durante 2024 se dictaron m\u00e1s de 300 cursos presenciales. Un total de 53.400 estudiantes de primer grado de toda la provincia fueron alcanzados por el plan. El objetivo de esta acci\u00f3n del Gobierno provincial es que los alumnos tengan una lectura y escritura fluida, ampl\u00eden vocabulario, dominen sistema de escritura y la comprensi\u00f3n y producci\u00f3n [&hellip;]<\/p>\n","protected":false},"author":3,"featured_media":57670,"comment_status":"closed","ping_status":"closed","sticky":false,"template":"","format":"standard","meta":{"_joinchat":[],"footnotes":""},"categories":[60],"tags":[],"class_list":{"0":"post-57669","1":"post","2":"type-post","3":"status-publish","4":"format-standard","5":"has-post-thumbnail","7":"category-provinciales"},"_links":{"self":[{"href":"https:\/\/infovera.com.ar\/web\/wp-json\/wp\/v2\/posts\/57669","targetHints":{"allow":["GET"]}}],"collection":[{"href":"https:\/\/infovera.com.ar\/web\/wp-json\/wp\/v2\/posts"}],"about":[{"href":"https:\/\/infovera.com.ar\/web\/wp-json\/wp\/v2\/types\/post"}],"author":[{"embeddable":true,"href":"https:\/\/infovera.com.ar\/web\/wp-json\/wp\/v2\/users\/3"}],"replies":[{"embeddable":true,"href":"https:\/\/infovera.com.ar\/web\/wp-json\/wp\/v2\/comments?post=57669"}],"version-history":[{"count":0,"href":"https:\/\/infovera.com.ar\/web\/wp-json\/wp\/v2\/posts\/57669\/revisions"}],"wp:featuredmedia":[{"embeddable":true,"href":"https:\/\/infovera.com.ar\/web\/wp-json\/wp\/v2\/media\/57670"}],"wp:attachment":[{"href":"https:\/\/infovera.com.ar\/web\/wp-json\/wp\/v2\/media?parent=57669"}],"wp:term":[{"taxonomy":"category","embeddable":true,"href":"https:\/\/infovera.com.ar\/web\/wp-json\/wp\/v2\/categories?post=57669"},{"taxonomy":"post_tag","embeddable":true,"href":"https:\/\/infovera.com.ar\/web\/wp-json\/wp\/v2\/tags?post=57669"}],"curies":[{"name":"wp","href":"https:\/\/api.w.org\/{rel}","templated":true}]}}