{"id":57636,"date":"2024-11-30T13:21:12","date_gmt":"2024-11-30T16:21:12","guid":{"rendered":"https:\/\/infovera.com.ar\/web\/?p=57636"},"modified":"2024-12-01T10:39:46","modified_gmt":"2024-12-01T13:39:46","slug":"la-pdi-de-san-justo-desbarato-una-banda-de-piratas-del-asfalto","status":"publish","type":"post","link":"https:\/\/infovera.com.ar\/web\/2024\/11\/30\/la-pdi-de-san-justo-desbarato-una-banda-de-piratas-del-asfalto\/","title":{"rendered":"(Video) La PDI de San Justo desbarat\u00f3 una banda de piratas del asfalto"},"content":{"rendered":"<p>Tambi\u00e9n secuestr\u00f3 armas de fuego, tel\u00e9fonos celulares, dinero en efectivo y un autom\u00f3vil.<\/p>\n<p>La Polic\u00eda de Investigaciones, dependiente del Ministerio de Justicia y Seguridad, detuvo a tres hombres, identificados como J. P. M., F. R. M. y C. M. A, en el marco de una investigaci\u00f3n por un hecho de robo a un camionero, ocurrido en abril pasado sobre Ruta 11 en cercan\u00edas de Gobernador Crespo.<\/p>\n<p><iframe loading=\"lazy\" title=\"La PDI de San Justo desbarat\u00f3 una banda de piratas del asfalto\" width=\"696\" height=\"392\" src=\"https:\/\/www.youtube.com\/embed\/--GzQIjbcoI?feature=oembed\" frameborder=\"0\" allow=\"accelerometer; autoplay; clipboard-write; encrypted-media; gyroscope; picture-in-picture; web-share\" referrerpolicy=\"strict-origin-when-cross-origin\" allowfullscreen><\/iframe><\/p>\n<p>Personal del Departamento Operativo San Justo PDI a cargo de la investigaci\u00f3n pudieron determinar que dos veh\u00edculos frenaron, y sus ocupantes ingresaron a la cabina del cami\u00f3n con armas de fuego, amenazaron al conductor y le robaron el dinero en efectivo, d\u00e1ndose a la fuga.<\/p>\n<p>Hoy, personal de PDI cumpliment\u00f3 cuatro allanamientos en viviendas ubicadas en Rosario y en Pi\u00f1ero, donde detuvieron a J. P. M., F. R. M. y C. M. A., presuntos responsables del delito. Cabe destacar que uno de los detenidos es oriundo de Rep\u00fablica Dominicana, y que ser\u00edan una &#8220;Banda de Piratas del Asfalto&#8221; que podr\u00eda estar involucrada en otros hechos similares.<\/p>\n<p>Adem\u00e1s, en el operativo secuestraron m\u00e1s de 20 tel\u00e9fonos celulares, una escopeta, notebooks, un autom\u00f3vil Vento, $1.500.000 y ropa t\u00e1ctica.<\/p>\n<p>Interviene el fiscal del MPA, Dr. Cecchini<\/p>\n","protected":false},"excerpt":{"rendered":"<p>Tambi\u00e9n secuestr\u00f3 armas de fuego, tel\u00e9fonos celulares, dinero en efectivo y un autom\u00f3vil. La Polic\u00eda de Investigaciones, dependiente del Ministerio de Justicia y Seguridad, detuvo a tres hombres, identificados como J. P. M., F. R. M. y C. M. A, en el marco de una investigaci\u00f3n por un hecho de robo a un camionero, ocurrido [&hellip;]<\/p>\n","protected":false},"author":3,"featured_media":57637,"comment_status":"closed","ping_status":"closed","sticky":false,"template":"","format":"standard","meta":{"_joinchat":[],"footnotes":""},"categories":[30,61],"tags":[],"class_list":{"0":"post-57636","1":"post","2":"type-post","3":"status-publish","4":"format-standard","5":"has-post-thumbnail","7":"category-policiales","8":"category-regionales"},"_links":{"self":[{"href":"https:\/\/infovera.com.ar\/web\/wp-json\/wp\/v2\/posts\/57636","targetHints":{"allow":["GET"]}}],"collection":[{"href":"https:\/\/infovera.com.ar\/web\/wp-json\/wp\/v2\/posts"}],"about":[{"href":"https:\/\/infovera.com.ar\/web\/wp-json\/wp\/v2\/types\/post"}],"author":[{"embeddable":true,"href":"https:\/\/infovera.com.ar\/web\/wp-json\/wp\/v2\/users\/3"}],"replies":[{"embeddable":true,"href":"https:\/\/infovera.com.ar\/web\/wp-json\/wp\/v2\/comments?post=57636"}],"version-history":[{"count":0,"href":"https:\/\/infovera.com.ar\/web\/wp-json\/wp\/v2\/posts\/57636\/revisions"}],"wp:featuredmedia":[{"embeddable":true,"href":"https:\/\/infovera.com.ar\/web\/wp-json\/wp\/v2\/media\/57637"}],"wp:attachment":[{"href":"https:\/\/infovera.com.ar\/web\/wp-json\/wp\/v2\/media?parent=57636"}],"wp:term":[{"taxonomy":"category","embeddable":true,"href":"https:\/\/infovera.com.ar\/web\/wp-json\/wp\/v2\/categories?post=57636"},{"taxonomy":"post_tag","embeddable":true,"href":"https:\/\/infovera.com.ar\/web\/wp-json\/wp\/v2\/tags?post=57636"}],"curies":[{"name":"wp","href":"https:\/\/api.w.org\/{rel}","templated":true}]}}