{"id":57632,"date":"2024-11-30T13:02:00","date_gmt":"2024-11-30T16:02:00","guid":{"rendered":"https:\/\/infovera.com.ar\/web\/?p=57632"},"modified":"2024-12-01T10:22:07","modified_gmt":"2024-12-01T13:22:07","slug":"buscan-a-un-hombre-que-desaparecio-en-el-arroyo-los-amores","status":"publish","type":"post","link":"https:\/\/infovera.com.ar\/web\/2024\/11\/30\/buscan-a-un-hombre-que-desaparecio-en-el-arroyo-los-amores\/","title":{"rendered":"Hallaron sin vida a un hombre que desapareci\u00f3 en el arroyo Los Amores"},"content":{"rendered":"<p>A las 17 del viernes, un llamado telef\u00f3nico avis\u00f3 a la polic\u00eda que en &#8220;Pozo de Cacho&#8221; del arroyo Los Amores una persona se estar\u00eda ahogando.<\/p>\n<p>En el lugar, los polic\u00edas tomaron contacto con un vecino de esa zona rural de Villa Ocampo, quien adujo que fue a pescar con Andr\u00e9s Carbonel y tras meterse al agua comenz\u00f3 a gritar pidiendo auxilio, para luego desaparecer de la superficie.<\/p>\n<p>Se hicieron presentes Bomberos Voluntarios. Se dio conocimiento al fiscal de turno, comenzando operativo de rescate.<\/p>\n<p>Se estableci\u00f3 que la identidad del tal &#8220;Carbonel&#8221;, que en realidad es Andr\u00e9s Aguirre, de 54 a\u00f1os.<\/p>\n<p>A las 7 del s\u00e1bado, la polic\u00eda retom\u00f3 la b\u00fasqueda de mencionado, hasta pasado el mediod\u00eda arrojando resultados negativos.<\/p>\n<p>AMPLIAMOS<\/p>\n<p>El cuerpo sin vida de Aguirre fue hallado en la ma\u00f1ana de este domingo por la polic\u00eda.<\/p>\n","protected":false},"excerpt":{"rendered":"<p>A las 17 del viernes, un llamado telef\u00f3nico avis\u00f3 a la polic\u00eda que en &#8220;Pozo de Cacho&#8221; del arroyo Los Amores una persona se estar\u00eda ahogando. En el lugar, los polic\u00edas tomaron contacto con un vecino de esa zona rural de Villa Ocampo, quien adujo que fue a pescar con Andr\u00e9s Carbonel y tras meterse [&hellip;]<\/p>\n","protected":false},"author":3,"featured_media":57649,"comment_status":"closed","ping_status":"closed","sticky":false,"template":"","format":"standard","meta":{"_joinchat":[],"footnotes":""},"categories":[30,61],"tags":[],"class_list":{"0":"post-57632","1":"post","2":"type-post","3":"status-publish","4":"format-standard","5":"has-post-thumbnail","7":"category-policiales","8":"category-regionales"},"_links":{"self":[{"href":"https:\/\/infovera.com.ar\/web\/wp-json\/wp\/v2\/posts\/57632","targetHints":{"allow":["GET"]}}],"collection":[{"href":"https:\/\/infovera.com.ar\/web\/wp-json\/wp\/v2\/posts"}],"about":[{"href":"https:\/\/infovera.com.ar\/web\/wp-json\/wp\/v2\/types\/post"}],"author":[{"embeddable":true,"href":"https:\/\/infovera.com.ar\/web\/wp-json\/wp\/v2\/users\/3"}],"replies":[{"embeddable":true,"href":"https:\/\/infovera.com.ar\/web\/wp-json\/wp\/v2\/comments?post=57632"}],"version-history":[{"count":0,"href":"https:\/\/infovera.com.ar\/web\/wp-json\/wp\/v2\/posts\/57632\/revisions"}],"wp:featuredmedia":[{"embeddable":true,"href":"https:\/\/infovera.com.ar\/web\/wp-json\/wp\/v2\/media\/57649"}],"wp:attachment":[{"href":"https:\/\/infovera.com.ar\/web\/wp-json\/wp\/v2\/media?parent=57632"}],"wp:term":[{"taxonomy":"category","embeddable":true,"href":"https:\/\/infovera.com.ar\/web\/wp-json\/wp\/v2\/categories?post=57632"},{"taxonomy":"post_tag","embeddable":true,"href":"https:\/\/infovera.com.ar\/web\/wp-json\/wp\/v2\/tags?post=57632"}],"curies":[{"name":"wp","href":"https:\/\/api.w.org\/{rel}","templated":true}]}}