{"id":57554,"date":"2024-11-28T08:58:00","date_gmt":"2024-11-28T11:58:00","guid":{"rendered":"https:\/\/infovera.com.ar\/web\/?p=57554"},"modified":"2024-11-28T19:07:09","modified_gmt":"2024-11-28T22:07:09","slug":"avanza-el-estudio-para-la-instalacion-de-un-area-industrial-en-vera","status":"publish","type":"post","link":"https:\/\/infovera.com.ar\/web\/2024\/11\/28\/avanza-el-estudio-para-la-instalacion-de-un-area-industrial-en-vera\/","title":{"rendered":"Avanza el estudio para la instalaci\u00f3n de un \u00c1rea Industrial en Vera"},"content":{"rendered":"<p>En las palabras iniciales de la reuni\u00f3n, la intendente Paula Mitre consider\u00f3 que \u201cla actual propuesta es elaborar un diagn\u00f3stico en funci\u00f3n del estudio previo realizado con la idea de crear las condiciones para lograr inversiones que generen empleo genuino\u201d.<\/p>\n<p>Sosa agradeci\u00f3 la presencia de los que acudieron a la convocatoria, especialmente \u201ca los que conocen el tema y que en base a las propuestas que surjan sabr\u00e1n indicarnos el camino a seguir\u201d.<\/p>\n<p>El subsecretario de Producci\u00f3n y Empleo, Ricardo Saavedra, inform\u00f3 que se realiz\u00f3 un relevamiento del sector productivo de la ciudad de Vera.<br \/>\n\u201cEs importante contar con una encuesta enriquecida con el aporte de los principales referentes dela comunidad\u201d, agreg\u00f3.<\/p>\n<p>Los detalles del trabajo previo fueron expuestos por los profesionales de la UTN Reconquista Walter Capeletti; Juan Pablo Suligoy y Alejandro Folla.<\/p>\n<p>De la informaci\u00f3n recogida en base a los registros existentes en la Municipalidad de Vera surge un universo de empresas cuyos principales datos arrojan 40 dedicadas a la producci\u00f3n, 23 a los servicios y 21 exclusivamente a la venta; aunque se reconoci\u00f3 que existe un sector informal que no ha sido registrado.<\/p>\n<p>Se analiza realizar una encuesta presencial con ejes espec\u00edficos en unas 70 preguntas incluyendo m\u00faltiple choice y respuestas en detalles.<\/p>\n<p>Tambi\u00e9n se tiene previsto incluir un estudio del mercado que complete la realidad econ\u00f3mica local y c\u00f3mo potenciar su capacidad productiva con herramientas de gesti\u00f3n y acceso al sistema financiero.<\/p>\n<p>El presidente del Centro Comercial e Industrial de Vera, Alfredo Buffi, coincidi\u00f3 en la importancia del trabajo de relevamiento de las actividades que justificar\u00edan la construcci\u00f3n de un predio adecuado respecto a \u201cUbicaci\u00f3n; tama\u00f1o y posibilidades de servicios esenciales para la Industria\u201d.<\/p>\n<p>En cuanto a las formas de desarrollar las tareas de informaci\u00f3n, consider\u00f3 conveniente realizarlo sobre \u201ctodo lo existente\u201d (formal e Informal) puesto que el objetivo del trabajo es conocer lo que existe y potenciar su desarrollo, al margen de su condici\u00f3n.<\/p>\n<p>A los efectos de aportar detalles a las futuras tareas, les entreg\u00f3 la publicaci\u00f3n de un trabajo similar realizado, hace 25 a\u00f1os, por El Centro Comercial e Industrial de Vera, conjuntamente con las Escuela Secundaria N\u00ba 259 \u201cDomingo Crespo\u201d y Colegio Superior N\u00ba 42 \u201cDr. Agust\u00edn L. Rossi, que servir\u00e1 para evaluar \u201caltas y bajas\u201d en las actividades.<\/p>\n<p>Con la sugerencia final de que se incorpore al proyecto un espacio para estacionamiento o \u201cPlaya de Camiones y acoplados\u201d de gran porte, tema en el que coincidieron los presentes, entre los que hab\u00eda peque\u00f1os empresarios que se sumaron a la convocatoria.<\/p>\n","protected":false},"excerpt":{"rendered":"<p>En las palabras iniciales de la reuni\u00f3n, la intendente Paula Mitre consider\u00f3 que \u201cla actual propuesta es elaborar un diagn\u00f3stico en funci\u00f3n del estudio previo realizado con la idea de crear las condiciones para lograr inversiones que generen empleo genuino\u201d. Sosa agradeci\u00f3 la presencia de los que acudieron a la convocatoria, especialmente \u201ca los que [&hellip;]<\/p>\n","protected":false},"author":3,"featured_media":57555,"comment_status":"closed","ping_status":"closed","sticky":false,"template":"","format":"standard","meta":{"_joinchat":[],"footnotes":""},"categories":[53],"tags":[],"class_list":{"0":"post-57554","1":"post","2":"type-post","3":"status-publish","4":"format-standard","5":"has-post-thumbnail","7":"category-vera"},"_links":{"self":[{"href":"https:\/\/infovera.com.ar\/web\/wp-json\/wp\/v2\/posts\/57554","targetHints":{"allow":["GET"]}}],"collection":[{"href":"https:\/\/infovera.com.ar\/web\/wp-json\/wp\/v2\/posts"}],"about":[{"href":"https:\/\/infovera.com.ar\/web\/wp-json\/wp\/v2\/types\/post"}],"author":[{"embeddable":true,"href":"https:\/\/infovera.com.ar\/web\/wp-json\/wp\/v2\/users\/3"}],"replies":[{"embeddable":true,"href":"https:\/\/infovera.com.ar\/web\/wp-json\/wp\/v2\/comments?post=57554"}],"version-history":[{"count":0,"href":"https:\/\/infovera.com.ar\/web\/wp-json\/wp\/v2\/posts\/57554\/revisions"}],"wp:featuredmedia":[{"embeddable":true,"href":"https:\/\/infovera.com.ar\/web\/wp-json\/wp\/v2\/media\/57555"}],"wp:attachment":[{"href":"https:\/\/infovera.com.ar\/web\/wp-json\/wp\/v2\/media?parent=57554"}],"wp:term":[{"taxonomy":"category","embeddable":true,"href":"https:\/\/infovera.com.ar\/web\/wp-json\/wp\/v2\/categories?post=57554"},{"taxonomy":"post_tag","embeddable":true,"href":"https:\/\/infovera.com.ar\/web\/wp-json\/wp\/v2\/tags?post=57554"}],"curies":[{"name":"wp","href":"https:\/\/api.w.org\/{rel}","templated":true}]}}