{"id":57539,"date":"2024-11-27T14:04:32","date_gmt":"2024-11-27T17:04:32","guid":{"rendered":"https:\/\/infovera.com.ar\/web\/?p=57539"},"modified":"2024-11-28T08:58:39","modified_gmt":"2024-11-28T11:58:39","slug":"celos-enfermizos-detuvieron-al-salvaje-agresor-de-dos-jovenes-de-calchaqui","status":"publish","type":"post","link":"https:\/\/infovera.com.ar\/web\/2024\/11\/27\/celos-enfermizos-detuvieron-al-salvaje-agresor-de-dos-jovenes-de-calchaqui\/","title":{"rendered":"(Video) Celos enfermizos: detuvieron al salvaje agresor de dos j\u00f3venes de Calchaqu\u00ed"},"content":{"rendered":"<p>El ataque ataque ocurri\u00f3 cuando J. M. C. (18) y la que ser\u00eda su novia circulaban en moto.<\/p>\n<p>Alrededor de la 21:45, J. M. C. iba en su moto junto a quien ser\u00eda su novia, ambos adolescentes, despu\u00e9s de haber estado en la radio de frecuencia modulada propiedad de su padre, ubicada en la zona c\u00e9ntrica de Calchaqu\u00ed.<\/p>\n<p>Imprevistamente para ellos, pero no para el agresor que premedit\u00f3 su acci\u00f3n, otro joven los intercept\u00f3 a bordo de una moto y los derrib\u00f3. En inmediaciones de Sarmiento y Dorrego cayeron al piso, v\u00edctimas de una agresi\u00f3n demencial que no termin\u00f3 ah\u00ed.<\/p>\n<p>En el suelo, apretados por la moto e indefensos, el agresor -que tendr\u00eda 22 a\u00f1os y fue identificado como Pablo C.- la emprendi\u00f3 a patadas contra los dos. &#8220;La peor parte se la llev\u00f3 J. M., se la agarr\u00f3 con \u00e9l, porque la piba al quedar menos apretada, pudo levantarse y zafar. Ah\u00ed salieron un par de vecinos a ayudarlo, porque imaginate, con la moto arriba y el otro vago peg\u00e1ndole; lo agarr\u00f3 a patadas en el suelo&#8221;, relat\u00f3 a <strong>InfoVera<\/strong> su padre, que agradeci\u00f3 la ayuda de una vecina que dio aviso a la polic\u00eda.<\/p>\n<p><strong>Video de la persecuci\u00f3n antes de la agresi\u00f3n:<\/strong><\/p>\n<div style=\"width: 480px;\" class=\"wp-video\"><video class=\"wp-video-shortcode\" id=\"video-57539-1\" width=\"480\" height=\"848\" preload=\"metadata\" controls=\"controls\"><source type=\"video\/mp4\" src=\"https:\/\/infovera.com.ar\/web\/wp-content\/uploads\/2024\/11\/WhatsApp-Video-2024-11-27-at-2.09.25-PM.mp4?_=1\" \/><a href=\"https:\/\/infovera.com.ar\/web\/wp-content\/uploads\/2024\/11\/WhatsApp-Video-2024-11-27-at-2.09.25-PM.mp4\">https:\/\/infovera.com.ar\/web\/wp-content\/uploads\/2024\/11\/WhatsApp-Video-2024-11-27-at-2.09.25-PM.mp4<\/a><\/video><\/div>\n<p>De acuerdo al relato, el victimario ser\u00eda un exnovio de la chica agredida, que no entra en razones que la relaci\u00f3n concluy\u00f3. &#8220;El pibe dice que la chica es de \u00e9l y que va a matar a cualquiera que salga con ella&#8221;, confiaron fuentes del caso a este medio, que adem\u00e1s refirieron que ya hubo un problema hace m\u00e1s de dos semanas atr\u00e1s cuando, fuera de s\u00ed, el acusado irrumpi\u00f3 en la casa familiar de la chica y &#8220;le rompi\u00f3 una puerta, hizo un quilombo, hubo una denuncia&#8221;, y eso le vali\u00f3 que la justicia le aplicara una medida de restricci\u00f3n de acercamiento, que a todas luces viol\u00f3 en la noche del martes.<\/p>\n<p>&#8220;Este vago no puede estar suelto. Van a esperar que la mate la chica o me mate el muchachito, es de terror esto&#8221;, advirti\u00f3, muy preocupado, W. C., padre del lesionado.<\/p>\n<p>Los golpes fueron de tal magnitud que &#8220;anoche le hicieron un par de radiograf\u00edas en Calchaqu\u00ed, parec\u00eda que estaba bien, pero a las 2 de la ma\u00f1ana se descompens\u00f3 con v\u00f3mitos y dolor de cabeza, y dolor en los genitales. Y lo llevaron a Reconquista, le hicieron una tomograf\u00eda y volvieron hoy a las 8 de la ma\u00f1ana, despu\u00e9s que lo dejaran en observaci\u00f3n. Te\u00f3ricamente sali\u00f3 bien de eso tambi\u00e9n, pero bueno, complicada la situaci\u00f3n&#8221;, cont\u00f3.<\/p>\n<p><strong>Detenci\u00f3n<\/strong><\/p>\n<p>En el caso intervino el fiscal Alejandro Rodr\u00edguez, que en la ma\u00f1ana del mi\u00e9rcoles dispuso la detenci\u00f3n Pablo C., materializada por efectivos de la Comisar\u00eda Segunda de Calchaqu\u00ed. Tras quedar tras las rejas, ser\u00e1 imputado en los pr\u00f3ximos d\u00edas. Al mediod\u00eda, la causa qued\u00f3 a cargo del fiscal Leandro Benegas.<\/p>\n<p><a href=\"https:\/\/infovera.com.ar\/web\/wp-content\/uploads\/2024\/11\/chica.png\"><img loading=\"lazy\" decoding=\"async\" class=\"alignleft size-full wp-image-57542\" src=\"https:\/\/infovera.com.ar\/web\/wp-content\/uploads\/2024\/11\/chica.png\" alt=\"\" width=\"1117\" height=\"678\" srcset=\"https:\/\/infovera.com.ar\/web\/wp-content\/uploads\/2024\/11\/chica.png 1117w, https:\/\/infovera.com.ar\/web\/wp-content\/uploads\/2024\/11\/chica-696x422.png 696w, https:\/\/infovera.com.ar\/web\/wp-content\/uploads\/2024\/11\/chica-1068x648.png 1068w, https:\/\/infovera.com.ar\/web\/wp-content\/uploads\/2024\/11\/chica-692x420.png 692w\" sizes=\"auto, (max-width: 1117px) 100vw, 1117px\" \/><\/a><\/p>\n","protected":false},"excerpt":{"rendered":"<p>El ataque ataque ocurri\u00f3 cuando J. M. C. (18) y la que ser\u00eda su novia circulaban en moto. Alrededor de la 21:45, J. M. C. iba en su moto junto a quien ser\u00eda su novia, ambos adolescentes, despu\u00e9s de haber estado en la radio de frecuencia modulada propiedad de su padre, ubicada en la zona [&hellip;]<\/p>\n","protected":false},"author":3,"featured_media":57540,"comment_status":"closed","ping_status":"closed","sticky":false,"template":"","format":"standard","meta":{"_joinchat":[],"footnotes":""},"categories":[52,30],"tags":[],"class_list":{"0":"post-57539","1":"post","2":"type-post","3":"status-publish","4":"format-standard","5":"has-post-thumbnail","7":"category-calchaqui","8":"category-policiales"},"_links":{"self":[{"href":"https:\/\/infovera.com.ar\/web\/wp-json\/wp\/v2\/posts\/57539","targetHints":{"allow":["GET"]}}],"collection":[{"href":"https:\/\/infovera.com.ar\/web\/wp-json\/wp\/v2\/posts"}],"about":[{"href":"https:\/\/infovera.com.ar\/web\/wp-json\/wp\/v2\/types\/post"}],"author":[{"embeddable":true,"href":"https:\/\/infovera.com.ar\/web\/wp-json\/wp\/v2\/users\/3"}],"replies":[{"embeddable":true,"href":"https:\/\/infovera.com.ar\/web\/wp-json\/wp\/v2\/comments?post=57539"}],"version-history":[{"count":0,"href":"https:\/\/infovera.com.ar\/web\/wp-json\/wp\/v2\/posts\/57539\/revisions"}],"wp:featuredmedia":[{"embeddable":true,"href":"https:\/\/infovera.com.ar\/web\/wp-json\/wp\/v2\/media\/57540"}],"wp:attachment":[{"href":"https:\/\/infovera.com.ar\/web\/wp-json\/wp\/v2\/media?parent=57539"}],"wp:term":[{"taxonomy":"category","embeddable":true,"href":"https:\/\/infovera.com.ar\/web\/wp-json\/wp\/v2\/categories?post=57539"},{"taxonomy":"post_tag","embeddable":true,"href":"https:\/\/infovera.com.ar\/web\/wp-json\/wp\/v2\/tags?post=57539"}],"curies":[{"name":"wp","href":"https:\/\/api.w.org\/{rel}","templated":true}]}}