{"id":57528,"date":"2024-11-27T10:46:42","date_gmt":"2024-11-27T13:46:42","guid":{"rendered":"https:\/\/infovera.com.ar\/web\/?p=57528"},"modified":"2024-11-28T08:55:47","modified_gmt":"2024-11-28T11:55:47","slug":"rojas-y-capello-en-espacio-abierto-miramos-el-futuro","status":"publish","type":"post","link":"https:\/\/infovera.com.ar\/web\/2024\/11\/27\/rojas-y-capello-en-espacio-abierto-miramos-el-futuro\/","title":{"rendered":"Rojas y Capello, en Espacio Abierto: &#8220;Miramos el futuro&#8221;"},"content":{"rendered":"<p>El diputado provincial y la concejal de la ciudad de Vera realizaron un encuentro, que se llev\u00f3 a cabo en el Club de Abuelos de Vera, donde participaron m\u00e1s de un centenar de vecinos y representantes de instituciones.<\/p>\n<p>Espacio Abierto es una propuesta social, cultural y educativa que tiene como objetivo trazar un futuro en donde todos tengan una oportunidad. En el d\u00eda, martes 26 de noviembre, EA se reuni\u00f3 con los vecinos, vecinas e instituciones a trav\u00e9s de una convocatoria abierta en donde no solo se rindi\u00f3 cuentas a la sociedad del trabajo hecho en este primer a\u00f1o de historia, sino que, se debati\u00f3 y tom\u00f3 nota sobre las propuestas de los asistentes para el pr\u00f3ximo a\u00f1o, con la mirada puesta en el futuro.<\/p>\n<p>En este sentido, se realiz\u00f3 un recorrido por las distintas actividades que se llevaron adelante a lo largo del a\u00f1o. En primer lugar, se realiz\u00f3 un trabajo muy fuerte en distintos barrios, a trav\u00e9s de los merenderos y de la organizaci\u00f3n de talleres comunitarios, reforzando la presencia y acompa\u00f1amiento a los vecinos y vecinas. Tambi\u00e9n se impuls\u00f3 la producci\u00f3n propia de alimentos, a trav\u00e9s del fomento de huertas comunitarias y domiciliarias.<\/p>\n<p>Tambi\u00e9n, el enfoque estuvo puesto en los ni\u00f1os y ni\u00f1as, a trav\u00e9s de las escuelitas deportivas dirigidas por el profesor Juan Carlos \u201cGringo\u201d Friggeri, acercando el deporte a cientos de chicos y chicas de diferentes barrios, y mediante charlas y actividades relacionadas con la salud, especialmente con los consumos problem\u00e1ticos, con gran concurrencia y participaci\u00f3n de estudiantes de las escuelas de Vera.<\/p>\n<p>Esta propuesta tiene como norte el intercambio de voces y de propuestas, la concejal Ana Paula Capello afirm\u00f3: &#8220;Me parece destacable como la gente tiene la necesidad de encontrarse y hablar. El di\u00e1logo y la escucha sincera es fundamental para quienes estamos en gesti\u00f3n, para elaborar proyectos y tener legitimidad en la funci\u00f3n\u201d.<\/p>\n<p>Con los intercambios vienen los desaf\u00edos, pero en un marco de agenda ser\u00e1n estudiados y llevados a cabo: \u201cSon muchos los temas a trabajar y todas prioridades, solos no podemos por eso estos espacios para hacer y construir con otros y el trabajo en equipo es en lo que creemos y apostamos. Gracias a quienes nos acompa\u00f1aron y quienes siempre se acercan al espacio con ganas, propuestas, pedidos\u201d.<\/p>\n<p>Esa es la premisa de Espacio Abierto, la transparencia, el trabajo en conjunto con la sociedad y el escuchar.<\/p>\n<p><strong>Construir m\u00e1s y mejor ciudadan\u00eda<\/strong><\/p>\n<p>En relaci\u00f3n al encuentro y al primer a\u00f1o de EA, el diputado provincial y fundador del espacio, Sergio Rojas, valor\u00f3: \u201cEn momentos donde muchas veces se destacan los discursos individualistas, es una alegr\u00eda enorme estar una tarde de un d\u00eda laboral, compartiendo lo realizado en estos 11 meses pero m\u00e1s que nada, escuchando e imaginando un futuro mejor en Comunidad, como lo dec\u00edamos en la convocatoria. Escuchar a los vecinos y vecinas; a las instituciones fue siempre nuestro compromiso desde la pol\u00edtica y lo cumplimos\u201d.<\/p>\n<p>Espacio Abierto est\u00e1 integrado por el diputado Rojas y por la concejal de Vera, Ana Paula Capello, pero adem\u00e1s, forman parte distintos vecinos de la ciudad que dedican todo de s\u00ed para brindar lo mejor a la ciudadan\u00eda. \u201cPor \u00faltimo, quiero agradecer a cada miembro de Espacio Abierto por el compromiso y responsabilidad en la participaci\u00f3n comunitaria y a quienes dejaron sus ocupaciones y vinieron a darnos sus aportes y sugerencias, para seguir haciendo\u201d, concluy\u00f3 Rojas.<\/p>\n<p><a href=\"https:\/\/infovera.com.ar\/web\/wp-content\/uploads\/2024\/11\/IMG-20241127-WA0089.jpg\"><img loading=\"lazy\" decoding=\"async\" class=\"alignleft size-full wp-image-57531\" src=\"https:\/\/infovera.com.ar\/web\/wp-content\/uploads\/2024\/11\/IMG-20241127-WA0089.jpg\" alt=\"\" width=\"1506\" height=\"1004\" srcset=\"https:\/\/infovera.com.ar\/web\/wp-content\/uploads\/2024\/11\/IMG-20241127-WA0089.jpg 1506w, https:\/\/infovera.com.ar\/web\/wp-content\/uploads\/2024\/11\/IMG-20241127-WA0089-696x464.jpg 696w, https:\/\/infovera.com.ar\/web\/wp-content\/uploads\/2024\/11\/IMG-20241127-WA0089-1068x712.jpg 1068w, https:\/\/infovera.com.ar\/web\/wp-content\/uploads\/2024\/11\/IMG-20241127-WA0089-630x420.jpg 630w\" sizes=\"auto, (max-width: 1506px) 100vw, 1506px\" \/><\/a><a href=\"https:\/\/infovera.com.ar\/web\/wp-content\/uploads\/2024\/11\/IMG-20241127-WA0088-1.jpg\"><img loading=\"lazy\" decoding=\"async\" class=\"alignleft size-full wp-image-57532\" src=\"https:\/\/infovera.com.ar\/web\/wp-content\/uploads\/2024\/11\/IMG-20241127-WA0088-1.jpg\" alt=\"\" width=\"1506\" height=\"1004\" srcset=\"https:\/\/infovera.com.ar\/web\/wp-content\/uploads\/2024\/11\/IMG-20241127-WA0088-1.jpg 1506w, https:\/\/infovera.com.ar\/web\/wp-content\/uploads\/2024\/11\/IMG-20241127-WA0088-1-696x464.jpg 696w, https:\/\/infovera.com.ar\/web\/wp-content\/uploads\/2024\/11\/IMG-20241127-WA0088-1-1068x712.jpg 1068w, https:\/\/infovera.com.ar\/web\/wp-content\/uploads\/2024\/11\/IMG-20241127-WA0088-1-630x420.jpg 630w\" sizes=\"auto, (max-width: 1506px) 100vw, 1506px\" \/><\/a><\/p>\n","protected":false},"excerpt":{"rendered":"<p>El diputado provincial y la concejal de la ciudad de Vera realizaron un encuentro, que se llev\u00f3 a cabo en el Club de Abuelos de Vera, donde participaron m\u00e1s de un centenar de vecinos y representantes de instituciones. Espacio Abierto es una propuesta social, cultural y educativa que tiene como objetivo trazar un futuro en [&hellip;]<\/p>\n","protected":false},"author":3,"featured_media":57529,"comment_status":"closed","ping_status":"closed","sticky":false,"template":"","format":"standard","meta":{"_joinchat":[],"footnotes":""},"categories":[53],"tags":[],"class_list":{"0":"post-57528","1":"post","2":"type-post","3":"status-publish","4":"format-standard","5":"has-post-thumbnail","7":"category-vera"},"_links":{"self":[{"href":"https:\/\/infovera.com.ar\/web\/wp-json\/wp\/v2\/posts\/57528","targetHints":{"allow":["GET"]}}],"collection":[{"href":"https:\/\/infovera.com.ar\/web\/wp-json\/wp\/v2\/posts"}],"about":[{"href":"https:\/\/infovera.com.ar\/web\/wp-json\/wp\/v2\/types\/post"}],"author":[{"embeddable":true,"href":"https:\/\/infovera.com.ar\/web\/wp-json\/wp\/v2\/users\/3"}],"replies":[{"embeddable":true,"href":"https:\/\/infovera.com.ar\/web\/wp-json\/wp\/v2\/comments?post=57528"}],"version-history":[{"count":0,"href":"https:\/\/infovera.com.ar\/web\/wp-json\/wp\/v2\/posts\/57528\/revisions"}],"wp:featuredmedia":[{"embeddable":true,"href":"https:\/\/infovera.com.ar\/web\/wp-json\/wp\/v2\/media\/57529"}],"wp:attachment":[{"href":"https:\/\/infovera.com.ar\/web\/wp-json\/wp\/v2\/media?parent=57528"}],"wp:term":[{"taxonomy":"category","embeddable":true,"href":"https:\/\/infovera.com.ar\/web\/wp-json\/wp\/v2\/categories?post=57528"},{"taxonomy":"post_tag","embeddable":true,"href":"https:\/\/infovera.com.ar\/web\/wp-json\/wp\/v2\/tags?post=57528"}],"curies":[{"name":"wp","href":"https:\/\/api.w.org\/{rel}","templated":true}]}}