{"id":57523,"date":"2024-11-27T09:01:22","date_gmt":"2024-11-27T12:01:22","guid":{"rendered":"https:\/\/infovera.com.ar\/web\/?p=57523"},"modified":"2024-11-27T10:47:09","modified_gmt":"2024-11-27T13:47:09","slug":"vera-tiene-el-doble-de-policias-que-general-obligado","status":"publish","type":"post","link":"https:\/\/infovera.com.ar\/web\/2024\/11\/27\/vera-tiene-el-doble-de-policias-que-general-obligado\/","title":{"rendered":"Marc\u00f3n reclam\u00f3 por seguridad y apunt\u00f3: &#8220;Vera tiene el doble de polic\u00edas que General Obligado&#8221;"},"content":{"rendered":"<p>El legislador de hizo eco de la ola de delitos que afecta a Reconquista y Avellaneda. &#8220;Ser\u00e1 que tiene que haber una v\u00edctima para que tomen medidas?&#8221;, inquiri\u00f3, apuntando a las autoridades de Seguridad y Justicia.<\/p>\n<p>La escalada delictiva que se cierne sobre el \u00e1rea metropolitana que constituyen Reconquista y Avellaneda, con robos millonarios durante el fin de semana y ning\u00fan detenido, no solo gener\u00f3 malestar social en la comunidades sino que paralelamente dispar\u00f3 cuestionamientos pol\u00edticos, advertencias y ciertos pases de factura.<\/p>\n<p>Quien se hizo eco del malhumor de los vecinos fue el senador Orfilio Marc\u00f3n con serios cuestionamientos de la gesti\u00f3n del Ministerio de Seguridad y Justicia de la provincia. El representante de General Obligado en la C\u00e1mara Alta de la Legislatura se mostr\u00f3 contrariado por la situaci\u00f3n que se vive en esta zona del norte santafesino: \u201cEstamos cansados de reclamar, de pedir todo, por escrito o en forma. Hace 40 d\u00edas estuvimos una vez m\u00e1s con el ministro (de Seguridad, Pablo Cococcioni) reclam\u00e1ndole m\u00e1s personal\u201d, pero \u201ctodo lo que egresa va a Rosario\u201d.<\/p>\n<p>Si bien aclar\u00f3 que \u201cno estoy haciendo objeci\u00f3n de esto\u201d, expuso que comparativamente <strong>el departamento de Vera presenta el doble de personal policial que General Obligado<\/strong> si se tiene en cuenta la cantidad de habitantes de cada territorio, y en ese plano reclam\u00f3: \u201cSolamente queremos que nos den un trato igualitario como a Vera y a San Javier. Porque San Javier tambi\u00e9n tienen muchos polic\u00edas&#8221;, \u00a0y \u201cconsideramos que Obligado, teniendo en cuenta la cantidad de habitantes que tiene, merece tener un trato de m\u00ednima igual al de Vera y al de San Javier\u201d&#8221;.<\/p>\n<p>El legislador norte\u00f1o enfoc\u00f3 su mirada en la estrategia de contenci\u00f3n de la inseguridad: \u201cY adem\u00e1s, cuando se controla el centro urbano, hace 100 a\u00f1os, el delito derrama, \u00bfy d\u00f3nde derrama?, derrama en los centros demogr\u00e1ficos. Y el tercer centro demogr\u00e1fico de la provincia de Santa Fe est\u00e1 en Obligado. Por lo tanto, le dir\u00eda que es casi natural que esto ocurra\u201d.<\/p>\n<p>Marc\u00f3n exhibi\u00f3 su hast\u00edo ante pedidos deso\u00eddos: \u201cYa lo hicimos por escrito, hablamos con el Ministro de Seguridad, hablamos con el Ministro de Gobierno, hablamos con el Secretario de Justicia, hablamos con el mismo gobernador. Bueno, nos mand\u00f3 a hablar con el ministro y en la pr\u00e1ctica, bueno, ni chicha ni limonada\u201d. \u201cNo podemos lograr ni siquiera el traslado de algunas personas que tienen graves inconvenientes con hijos enfermos y que deben prestar servicio en Rosario\u201d, lament\u00f3.<\/p>\n<p>A esa altura de sus declaraciones, enlaz\u00f3 la cuesti\u00f3n de la falta de polic\u00edas con la escasez de fiscales: \u201c(\u2026) lo mismo que con los fiscales, la Cuarta Circunscripci\u00f3n judicial tiene 100.000 legajos y 9 fiscales. Y no hay forma de que designen fiscales para nuestra regi\u00f3n. Entonces, la gente reclama justicia con todo derecho. Pero no es que yo sea profiscal. Solamente digo, si un fiscal tiene casi 5.000 expedientes, \u00bfc\u00f3mo hace para atender los 5.000 expedientes? Es humanamente imposible. Y en cuanto al personal que trabaja, comparando con otros lugares, estamos 2 a 1, 3 a 1 abajo. O sea, hay tres mpleados del MPA, por ejemplo, en la zona de Rafaela, y hay uno en Obligado\u201d.<\/p>\n<p>El senador calific\u00f3 a la actual coyuntura como \u201cuna cruda realidad, que ya no sabemos m\u00e1s a qui\u00e9n hacerle el pedido. Lo hemos hecho con otros legisladores tambi\u00e9n. Siempre hemos sido precavidos, pero esto ya rebalsa y ya colma la paciencia de cualquiera. Esta es una dura realidad\u201d.<\/p>\n<p>Respuestas<\/p>\n<p>Volviendo a los casos contra la propiedad que resonaron el fin de semana, dijo que mantuvo comunicaciones con todo el arco pol\u00edtico y judicial con injerencia en la cuesti\u00f3n y &#8220;vamos a hablar ma\u00f1ana o el jueves, cuando nos puedan atender\u201d. Y enseguida, solt\u00f3: &#8220;\u00bfSer\u00e1 que tienen que haber una v\u00edctima para que tomen medidas?&#8221;. \u201c Yo no creo que haga falta eso. Pero en la pr\u00e1ctica, la verdad que las respuestas que hemos recibido distan mucho de lo que realmente nos corresponde, nos merecemos y que este gobierno deber\u00eda atendernos como atiende al resto de los departamentos. No estamos pidiendo privilegios, estamos pidiendo una respuesta en cuanto a cantidad de polic\u00edas y en cuanto a cantidad de fiscales, porque una cosa tiene que ver con la otra\u201d, fustig\u00f3..<\/p>\n<p>En el final de un reportaje con Radio Ideal, se esperanz\u00f3 con que \u201cesperemos que no tengamos que esperar que ocurra un hecho fatal, ya sea de una v\u00edctima o de una persona que est\u00e1 haciendo acciones que no corresponden, para que se adopten medidas en l\u00ednea con lo que realmente hace falta en nuestra regi\u00f3n\u201d.<\/p>\n","protected":false},"excerpt":{"rendered":"<p>El legislador de hizo eco de la ola de delitos que afecta a Reconquista y Avellaneda. &#8220;Ser\u00e1 que tiene que haber una v\u00edctima para que tomen medidas?&#8221;, inquiri\u00f3, apuntando a las autoridades de Seguridad y Justicia. La escalada delictiva que se cierne sobre el \u00e1rea metropolitana que constituyen Reconquista y Avellaneda, con robos millonarios durante [&hellip;]<\/p>\n","protected":false},"author":3,"featured_media":57524,"comment_status":"closed","ping_status":"closed","sticky":false,"template":"","format":"standard","meta":{"_joinchat":[],"footnotes":""},"categories":[61],"tags":[],"class_list":{"0":"post-57523","1":"post","2":"type-post","3":"status-publish","4":"format-standard","5":"has-post-thumbnail","7":"category-regionales"},"_links":{"self":[{"href":"https:\/\/infovera.com.ar\/web\/wp-json\/wp\/v2\/posts\/57523","targetHints":{"allow":["GET"]}}],"collection":[{"href":"https:\/\/infovera.com.ar\/web\/wp-json\/wp\/v2\/posts"}],"about":[{"href":"https:\/\/infovera.com.ar\/web\/wp-json\/wp\/v2\/types\/post"}],"author":[{"embeddable":true,"href":"https:\/\/infovera.com.ar\/web\/wp-json\/wp\/v2\/users\/3"}],"replies":[{"embeddable":true,"href":"https:\/\/infovera.com.ar\/web\/wp-json\/wp\/v2\/comments?post=57523"}],"version-history":[{"count":0,"href":"https:\/\/infovera.com.ar\/web\/wp-json\/wp\/v2\/posts\/57523\/revisions"}],"wp:featuredmedia":[{"embeddable":true,"href":"https:\/\/infovera.com.ar\/web\/wp-json\/wp\/v2\/media\/57524"}],"wp:attachment":[{"href":"https:\/\/infovera.com.ar\/web\/wp-json\/wp\/v2\/media?parent=57523"}],"wp:term":[{"taxonomy":"category","embeddable":true,"href":"https:\/\/infovera.com.ar\/web\/wp-json\/wp\/v2\/categories?post=57523"},{"taxonomy":"post_tag","embeddable":true,"href":"https:\/\/infovera.com.ar\/web\/wp-json\/wp\/v2\/tags?post=57523"}],"curies":[{"name":"wp","href":"https:\/\/api.w.org\/{rel}","templated":true}]}}