{"id":57493,"date":"2024-11-26T14:27:03","date_gmt":"2024-11-26T17:27:03","guid":{"rendered":"https:\/\/infovera.com.ar\/web\/?p=57493"},"modified":"2024-11-26T14:27:03","modified_gmt":"2024-11-26T17:27:03","slug":"falistocco-presidira-la-corte-en-2025","status":"publish","type":"post","link":"https:\/\/infovera.com.ar\/web\/2024\/11\/26\/falistocco-presidira-la-corte-en-2025\/","title":{"rendered":"Falistocco presidir\u00e1 la Corte en 2025"},"content":{"rendered":"<p>La Corte Suprema de Justicia de Santa Fe integrada por el presidente Dr. Rafael Francisco Guti\u00e9rrez, y los ministros Dres. Roberto H\u00e9ctor Falistocco, Eduardo Guillermo Spuler, Mario Luis Netri, la Dra. Mar\u00eda Ang\u00e9lica Gastaldi, y el Dr. Daniel An\u00edbal Erbetta, hizo saber que este mediod\u00eda se llev\u00f3 cabo la reuni\u00f3n de acuerdo ordinario a fin de elegir a su presidente para el a\u00f1o 2025.<\/p>\n<p>Materializada la votaci\u00f3n result\u00f3 electo por unanimidad el Dr. Roberto Falistocco.<\/p>\n<p>Ejercer\u00e1 la presidencia de la Corte Suprema de la Provincia de Santa Fe por un a\u00f1o, iniciando su mandato el 1\u00b0 de enero de 2025, de conformidad a lo establecido en la Ley 10.160 (Ley Org\u00e1nica del Poder Judicial de la Provincia de Santa Fe).<\/p>\n","protected":false},"excerpt":{"rendered":"<p>La Corte Suprema de Justicia de Santa Fe integrada por el presidente Dr. Rafael Francisco Guti\u00e9rrez, y los ministros Dres. Roberto H\u00e9ctor Falistocco, Eduardo Guillermo Spuler, Mario Luis Netri, la Dra. Mar\u00eda Ang\u00e9lica Gastaldi, y el Dr. Daniel An\u00edbal Erbetta, hizo saber que este mediod\u00eda se llev\u00f3 cabo la reuni\u00f3n de acuerdo ordinario a fin [&hellip;]<\/p>\n","protected":false},"author":3,"featured_media":18167,"comment_status":"closed","ping_status":"closed","sticky":false,"template":"","format":"standard","meta":{"_joinchat":[],"footnotes":""},"categories":[60],"tags":[],"class_list":{"0":"post-57493","1":"post","2":"type-post","3":"status-publish","4":"format-standard","5":"has-post-thumbnail","7":"category-provinciales"},"_links":{"self":[{"href":"https:\/\/infovera.com.ar\/web\/wp-json\/wp\/v2\/posts\/57493","targetHints":{"allow":["GET"]}}],"collection":[{"href":"https:\/\/infovera.com.ar\/web\/wp-json\/wp\/v2\/posts"}],"about":[{"href":"https:\/\/infovera.com.ar\/web\/wp-json\/wp\/v2\/types\/post"}],"author":[{"embeddable":true,"href":"https:\/\/infovera.com.ar\/web\/wp-json\/wp\/v2\/users\/3"}],"replies":[{"embeddable":true,"href":"https:\/\/infovera.com.ar\/web\/wp-json\/wp\/v2\/comments?post=57493"}],"version-history":[{"count":0,"href":"https:\/\/infovera.com.ar\/web\/wp-json\/wp\/v2\/posts\/57493\/revisions"}],"wp:featuredmedia":[{"embeddable":true,"href":"https:\/\/infovera.com.ar\/web\/wp-json\/wp\/v2\/media\/18167"}],"wp:attachment":[{"href":"https:\/\/infovera.com.ar\/web\/wp-json\/wp\/v2\/media?parent=57493"}],"wp:term":[{"taxonomy":"category","embeddable":true,"href":"https:\/\/infovera.com.ar\/web\/wp-json\/wp\/v2\/categories?post=57493"},{"taxonomy":"post_tag","embeddable":true,"href":"https:\/\/infovera.com.ar\/web\/wp-json\/wp\/v2\/tags?post=57493"}],"curies":[{"name":"wp","href":"https:\/\/api.w.org\/{rel}","templated":true}]}}