{"id":57479,"date":"2024-11-26T12:55:44","date_gmt":"2024-11-26T15:55:44","guid":{"rendered":"https:\/\/infovera.com.ar\/web\/?p=57479"},"modified":"2024-11-27T08:42:05","modified_gmt":"2024-11-27T11:42:05","slug":"la-gallareta-un-aprehendido-con-una-tumbera","status":"publish","type":"post","link":"https:\/\/infovera.com.ar\/web\/2024\/11\/26\/la-gallareta-un-aprehendido-con-una-tumbera\/","title":{"rendered":"La Gallareta: un aprehendido con una tumbera"},"content":{"rendered":"<p>La Polic\u00eda de Investigaciones dependiente del Ministerio de Justicia y Seguridad de la provincia de Santa Fe, aprehendi\u00f3 a un hombre por Infracci\u00f3n Art\u00edculo 189 Bis C.P, en la localidad de La Gallareta.<\/p>\n<p>Tras una investigaci\u00f3n por un robo ocurrido en la mencionada localidad, los efectivos establecieron que los posibles involucrados ser\u00edan un hombre llamado J. L. R., y un menor edad.<\/p>\n<p>Por ello PDI, se present\u00f3 en la exf\u00e1brica Saica zona urbana La Gallareta, d\u00f3nde realizaron una requisa con autorizaci\u00f3n del morador, secuestrando un arma de fabricaci\u00f3n casera tipo tumbera y dem\u00e1s elementos de inter\u00e9s, procediendo as\u00ed a la aprehensi\u00f3n de J. L. R de 27 a\u00f1os.<\/p>\n<p>Interviene en la causa el Fiscal Dr. Aldo Gerosa, quien dispuso se atribuya al hombre, la figura penal de \u201cINFRACCION ARTICULO 189 BIS C.P.\u201d y que luego de cumplimentar diligencias contin\u00fae con su estado de libertad.<\/p>\n","protected":false},"excerpt":{"rendered":"<p>La Polic\u00eda de Investigaciones dependiente del Ministerio de Justicia y Seguridad de la provincia de Santa Fe, aprehendi\u00f3 a un hombre por Infracci\u00f3n Art\u00edculo 189 Bis C.P, en la localidad de La Gallareta. Tras una investigaci\u00f3n por un robo ocurrido en la mencionada localidad, los efectivos establecieron que los posibles involucrados ser\u00edan un hombre llamado [&hellip;]<\/p>\n","protected":false},"author":3,"featured_media":57480,"comment_status":"closed","ping_status":"closed","sticky":false,"template":"","format":"standard","meta":{"_joinchat":[],"footnotes":""},"categories":[51,30],"tags":[],"class_list":{"0":"post-57479","1":"post","2":"type-post","3":"status-publish","4":"format-standard","5":"has-post-thumbnail","7":"category-locales","8":"category-policiales"},"_links":{"self":[{"href":"https:\/\/infovera.com.ar\/web\/wp-json\/wp\/v2\/posts\/57479","targetHints":{"allow":["GET"]}}],"collection":[{"href":"https:\/\/infovera.com.ar\/web\/wp-json\/wp\/v2\/posts"}],"about":[{"href":"https:\/\/infovera.com.ar\/web\/wp-json\/wp\/v2\/types\/post"}],"author":[{"embeddable":true,"href":"https:\/\/infovera.com.ar\/web\/wp-json\/wp\/v2\/users\/3"}],"replies":[{"embeddable":true,"href":"https:\/\/infovera.com.ar\/web\/wp-json\/wp\/v2\/comments?post=57479"}],"version-history":[{"count":0,"href":"https:\/\/infovera.com.ar\/web\/wp-json\/wp\/v2\/posts\/57479\/revisions"}],"wp:featuredmedia":[{"embeddable":true,"href":"https:\/\/infovera.com.ar\/web\/wp-json\/wp\/v2\/media\/57480"}],"wp:attachment":[{"href":"https:\/\/infovera.com.ar\/web\/wp-json\/wp\/v2\/media?parent=57479"}],"wp:term":[{"taxonomy":"category","embeddable":true,"href":"https:\/\/infovera.com.ar\/web\/wp-json\/wp\/v2\/categories?post=57479"},{"taxonomy":"post_tag","embeddable":true,"href":"https:\/\/infovera.com.ar\/web\/wp-json\/wp\/v2\/tags?post=57479"}],"curies":[{"name":"wp","href":"https:\/\/api.w.org\/{rel}","templated":true}]}}