{"id":57471,"date":"2024-11-26T07:27:32","date_gmt":"2024-11-26T10:27:32","guid":{"rendered":"https:\/\/infovera.com.ar\/web\/?p=57471"},"modified":"2024-11-26T07:27:32","modified_gmt":"2024-11-26T10:27:32","slug":"unidos-avalo-avanzar-en-el-dictado-de-una-ley-para-reformar-la-constitucion","status":"publish","type":"post","link":"https:\/\/infovera.com.ar\/web\/2024\/11\/26\/unidos-avalo-avanzar-en-el-dictado-de-una-ley-para-reformar-la-constitucion\/","title":{"rendered":"Unidos aval\u00f3 avanzar en el dictado de una ley para reformar la Constituci\u00f3n"},"content":{"rendered":"<p>Los diez partidos que integran la coalici\u00f3n de gobierno emitieron un documento al t\u00e9rmino del plenario. El prop\u00f3sito de aprobar el texto en el per\u00edodo Ordinario que termina el s\u00e1bado venidero.<\/p>\n<p>A escasos cinco d\u00edas de finalizar el per\u00edodo Ordinario de sesiones de la Legislatura, los diez partidos que componen la coalici\u00f3n de gobierno Unidos para Cambiar Santa Fe decidieron avanzar con la reforma de la Constituci\u00f3n provincial y la decisi\u00f3n se plasm\u00f3 en un documento.<\/p>\n<p>La reuni\u00f3n se realiz\u00f3 en la sede del Pro en la ciudad de Rosario, fuerza que en la jornada hab\u00eda emitido un documento no dudando en la necesidad de la reforma. La foto final muestra a referentes de las diez fuerzas pol\u00edticas, incluidas las diferentes l\u00edneas internas de cada una de ellas, junto al ministro de Gobierno, Fabi\u00e1n Bastia.<\/p>\n<p>Las principales espadas parlamentarias dijeron presentes en la reuni\u00f3n: la vicegobernadora Gisela Scaglia como presidenta del Pro; Felipe Michlig, presidente pro t\u00e9mpore del Senado y titular de la UCR as\u00ed como Clara Garc\u00eda, presidenta de Diputados y Jos\u00e9 Corral, vicepresidente de la mesa de esa c\u00e1mara.<br \/>\n&#8220;Reunidos en la ciudad de Rosario, los partidos que conformamos &#8220;Unidos para Cambiar Santa Fe&#8221; expresamos nuestra firme voluntad de avanzar en la tan necesaria reforma de la Constituci\u00f3n de la provincia&#8221;, comienza el texto.<\/p>\n<p>&#8220;Un paso fundamental que refleja nuestro compromiso con la modernizaci\u00f3n, la eficiencia del Estado y nos permitir\u00e1 acompa\u00f1ar las pol\u00edticas que llevamos adelante desde el gobierno por mejorar la educaci\u00f3n, la justicia y combatir la narcocriminalidad. Una nueva Constituci\u00f3n provincial que rompa los privilegios que volvieron ineficiente al Estado y verdaderamente responda a las necesidades de la gente&#8221;, acota.<\/p>\n<p>Pero m\u00e1s adelante aclara destaca &#8220;la importancia de que este proceso se lleve a cabo durante el per\u00edodo Ordinario de sesiones legislativas, afianzando el di\u00e1logo y el trabajo conjunto que venimos desarrollando&#8221;. El per\u00edodo Ordinario caduca el s\u00e1bado 30 y para votar una ley de necesidad de la reforma se requieren los dos tercios en ambas c\u00e1maras legislativas, n\u00famero que el oficialismo tiene en el Senado, pero no en la C\u00e1mara de Diputados. No obstante, la mayor cantidad de proyectos est\u00e1n en la C\u00e1mara Baja y resta definir el texto que se pondr\u00e1 a consideraci\u00f3n de sectores de la oposici\u00f3n para buscar los dos tercios necesarios.<\/p>\n<p>&#8220;La Constituci\u00f3n provincial, sancionada hace m\u00e1s de 60 a\u00f1os, ya no se adec\u00faa a las demandas de los santafesinos. Es momento de renovarla para construir un futuro m\u00e1s pujante, justo, seguro y acorde a los tiempos actuales&#8221;, agrega el texto.<\/p>\n<p>&#8220;Manifestamos la necesidad de plantear la reforma en conjunto con las elecciones intermedias, con convencionales constituyentes que trabajen ad honorem, asegurando que este proceso no implique un gasto adicional para la sociedad&#8221;.<\/p>\n<p>Para Unidos &#8220;actualizar nuestra Constituci\u00f3n no es solo una necesidad, sino tambi\u00e9n una deuda con el futuro. Desde Unidos para Cambiar Santa Fe reafirmamos nuestro compromiso con el di\u00e1logo, el respeto a las instituciones y la participaci\u00f3n ciudadana como herramientas fundamentales para concretar este cambio hist\u00f3rico&#8221;.<\/p>\n<p>El oficialismo sostiene que &#8220;a partir de la reforma nuestra invencible provincia dar\u00e1 un paso decisivo hacia su m\u00e1ximo potencial, consolidando derechos, fortaleciendo instituciones y proyectando un porvenir donde los santafesinos vivan en un entorno m\u00e1s justo, seguro y transparente&#8221;.<\/p>\n<p>Fuente: El Litoral<\/p>\n","protected":false},"excerpt":{"rendered":"<p>Los diez partidos que integran la coalici\u00f3n de gobierno emitieron un documento al t\u00e9rmino del plenario. El prop\u00f3sito de aprobar el texto en el per\u00edodo Ordinario que termina el s\u00e1bado venidero. A escasos cinco d\u00edas de finalizar el per\u00edodo Ordinario de sesiones de la Legislatura, los diez partidos que componen la coalici\u00f3n de gobierno Unidos [&hellip;]<\/p>\n","protected":false},"author":3,"featured_media":57472,"comment_status":"closed","ping_status":"closed","sticky":false,"template":"","format":"standard","meta":{"_joinchat":[],"footnotes":""},"categories":[66,60],"tags":[],"class_list":{"0":"post-57471","1":"post","2":"type-post","3":"status-publish","4":"format-standard","5":"has-post-thumbnail","7":"category-politica","8":"category-provinciales"},"_links":{"self":[{"href":"https:\/\/infovera.com.ar\/web\/wp-json\/wp\/v2\/posts\/57471","targetHints":{"allow":["GET"]}}],"collection":[{"href":"https:\/\/infovera.com.ar\/web\/wp-json\/wp\/v2\/posts"}],"about":[{"href":"https:\/\/infovera.com.ar\/web\/wp-json\/wp\/v2\/types\/post"}],"author":[{"embeddable":true,"href":"https:\/\/infovera.com.ar\/web\/wp-json\/wp\/v2\/users\/3"}],"replies":[{"embeddable":true,"href":"https:\/\/infovera.com.ar\/web\/wp-json\/wp\/v2\/comments?post=57471"}],"version-history":[{"count":0,"href":"https:\/\/infovera.com.ar\/web\/wp-json\/wp\/v2\/posts\/57471\/revisions"}],"wp:featuredmedia":[{"embeddable":true,"href":"https:\/\/infovera.com.ar\/web\/wp-json\/wp\/v2\/media\/57472"}],"wp:attachment":[{"href":"https:\/\/infovera.com.ar\/web\/wp-json\/wp\/v2\/media?parent=57471"}],"wp:term":[{"taxonomy":"category","embeddable":true,"href":"https:\/\/infovera.com.ar\/web\/wp-json\/wp\/v2\/categories?post=57471"},{"taxonomy":"post_tag","embeddable":true,"href":"https:\/\/infovera.com.ar\/web\/wp-json\/wp\/v2\/tags?post=57471"}],"curies":[{"name":"wp","href":"https:\/\/api.w.org\/{rel}","templated":true}]}}