{"id":57397,"date":"2024-11-24T19:35:59","date_gmt":"2024-11-24T22:35:59","guid":{"rendered":"https:\/\/infovera.com.ar\/web\/?p=57397"},"modified":"2024-11-24T19:35:59","modified_gmt":"2024-11-24T22:35:59","slug":"enzo-delgado-se-consagro-campeon-latino-de-la-omb-en-capitan-bermudez","status":"publish","type":"post","link":"https:\/\/infovera.com.ar\/web\/2024\/11\/24\/enzo-delgado-se-consagro-campeon-latino-de-la-omb-en-capitan-bermudez\/","title":{"rendered":"Enzo Delgado se consagr\u00f3 campe\u00f3n latino de la OMB en Capit\u00e1n Berm\u00fadez"},"content":{"rendered":"<p>El retador venci\u00f3 por puntos a Junior Alan\u00eds, en lo que era la primera defensa del t\u00edtulo, en una transmisi\u00f3n de Tyc Sport y de Tyc Sport Play.<\/p>\n<p>El club Sportivo Ort\u00edz recibi\u00f3 a una nueva edici\u00f3n de La Leyenda Contin\u00faa, show que cont\u00f3 con dos combates titulares y cuatro complementarios, con un fondo entre dos boxeadores con presencia en el r\u00e1nking argentino siendo figuras de la divisi\u00f3n superpluma.<\/p>\n<p>Enzo Delgado, qui\u00e9n arrib\u00f3 como retador, se consagr\u00f3 nuevo campe\u00f3n latino de la Organizaci\u00f3n Mundial de Boxeo ante qui\u00e9n era el titular, Junior Alan\u00eds, ganando por puntos. Por su parte, en el semifondo, La Picante Sol Baumstarth super\u00f3 por KOT en el tercer round a la venezolana Roxana Colmenarez y retuvo su faja latina del CMB. Le valada se vivi\u00f3 a trav\u00e9s de las pantallas de Tyc Sport y de Tyc Sport Play en su ciclo Boxeo De Primera.<\/p>\n<p>En el combate de fondo de la noche de La Leyenda Contin\u00faa en el club Sportivo Ort\u00edz de Capit\u00e1n Berm\u00fadez, Santa F\u00e9, Enzo Delgado derrot\u00f3 por puntos a Junior Alan\u00eds y se consagr\u00f3 nuevo campe\u00f3n superpluma de la Organizaci\u00f3n Mundial de Boxeo. La contienda fue pactada a diez rounds.<\/p>\n<p>El combate fue de estrategias por parte de los equipos de ambos boxeadores. Los dos plantearon un duelo en la media y larga distancia, muy pensado, calculado, en el cu\u00e1l priorizaron en general los golpes largos, sus jabs y directos, con Junior usando muy bien sus desplazamientos. Los dos p\u00fagiles tuvieron sus momentos en la pelea, que tuvo un desarrollo de paridad, muy t\u00e9cnico y de detalles. En esos detalles, los jueces vieron superior al pupilo de Nacho Marturano del Raffo Boxing Team.<\/p>\n<p>El oriundo de la localidad santafesina de La Gallareta en su primer combate luego de su victoria de diciembre del 2023, pudo mantener su r\u00e9cord inmaculado de once triunfos y un empate; mientras que el rosarino, en su tercer compromiso del 2024 y lo que era la primera defensa del t\u00edtulo obtenido en agosto, no pudo mantener su racha positiva y sum\u00f3 su segunda ca\u00edda en el campo rentado.<\/p>\n<p>Enzo Delgado (11-0-1, 5 KOs) GDM a Junior Alanis (14-2, 5 KOs)<\/p>\n<p>\u00c1rbitro: V\u00edctor S\u00e1nchez<\/p>\n<p>Tarjetas: 96-94 x 2, y 95-95<\/p>\n<p>Desde la Comuna de La Gallareta saludaron al campe\u00f3n:<\/p>\n<p>&#8220;\u00a1Felicitaciones, Enzo Delgado! Desde la Comuna de La Gallareta queremos reconocer y celebrar tu gran logro: consagrarte como nuevo campe\u00f3n latino de la Organizaci\u00f3n Mundial de Boxeo. Tu esfuerzo, dedicaci\u00f3n y talento son un orgullo para todos los que seguimos tu carrera. \u00a1Este t\u00edtulo es solo el comienzo de muchos \u00e9xitos m\u00e1s!&#8221;.<\/p>\n","protected":false},"excerpt":{"rendered":"<p>El retador venci\u00f3 por puntos a Junior Alan\u00eds, en lo que era la primera defensa del t\u00edtulo, en una transmisi\u00f3n de Tyc Sport y de Tyc Sport Play. El club Sportivo Ort\u00edz recibi\u00f3 a una nueva edici\u00f3n de La Leyenda Contin\u00faa, show que cont\u00f3 con dos combates titulares y cuatro complementarios, con un fondo entre [&hellip;]<\/p>\n","protected":false},"author":3,"featured_media":57398,"comment_status":"closed","ping_status":"closed","sticky":false,"template":"","format":"standard","meta":{"_joinchat":[],"footnotes":""},"categories":[33,31,51],"tags":[],"class_list":{"0":"post-57397","1":"post","2":"type-post","3":"status-publish","4":"format-standard","5":"has-post-thumbnail","7":"category-boxeo","8":"category-deportes","9":"category-locales"},"_links":{"self":[{"href":"https:\/\/infovera.com.ar\/web\/wp-json\/wp\/v2\/posts\/57397","targetHints":{"allow":["GET"]}}],"collection":[{"href":"https:\/\/infovera.com.ar\/web\/wp-json\/wp\/v2\/posts"}],"about":[{"href":"https:\/\/infovera.com.ar\/web\/wp-json\/wp\/v2\/types\/post"}],"author":[{"embeddable":true,"href":"https:\/\/infovera.com.ar\/web\/wp-json\/wp\/v2\/users\/3"}],"replies":[{"embeddable":true,"href":"https:\/\/infovera.com.ar\/web\/wp-json\/wp\/v2\/comments?post=57397"}],"version-history":[{"count":0,"href":"https:\/\/infovera.com.ar\/web\/wp-json\/wp\/v2\/posts\/57397\/revisions"}],"wp:featuredmedia":[{"embeddable":true,"href":"https:\/\/infovera.com.ar\/web\/wp-json\/wp\/v2\/media\/57398"}],"wp:attachment":[{"href":"https:\/\/infovera.com.ar\/web\/wp-json\/wp\/v2\/media?parent=57397"}],"wp:term":[{"taxonomy":"category","embeddable":true,"href":"https:\/\/infovera.com.ar\/web\/wp-json\/wp\/v2\/categories?post=57397"},{"taxonomy":"post_tag","embeddable":true,"href":"https:\/\/infovera.com.ar\/web\/wp-json\/wp\/v2\/tags?post=57397"}],"curies":[{"name":"wp","href":"https:\/\/api.w.org\/{rel}","templated":true}]}}