{"id":57344,"date":"2024-11-22T17:31:06","date_gmt":"2024-11-22T20:31:06","guid":{"rendered":"https:\/\/infovera.com.ar\/web\/?p=57344"},"modified":"2024-11-23T11:14:08","modified_gmt":"2024-11-23T14:14:08","slug":"la-reunion-por-el-pase-a-planta-de-trabajadores-municipales-se-haria-el-jueves-28","status":"publish","type":"post","link":"https:\/\/infovera.com.ar\/web\/2024\/11\/22\/la-reunion-por-el-pase-a-planta-de-trabajadores-municipales-se-haria-el-jueves-28\/","title":{"rendered":"El municipio propuso que la reuni\u00f3n por el pase a planta de trabajadores se haga el jueves 28"},"content":{"rendered":"<p>El encuentro entre el Ejecutivo verense y el Sindicato de Trabajadores Municipales estaba prevista para el jueves 21, pero la intendente Paula Mitre no pudo asistir debido a la superposici\u00f3n de actividades en su agenda diaria.<\/p>\n<p>Es que justo cuando deb\u00eda realizarse el c\u00f3nclave para avanzar en con estabilidad laboral de los empleados contratados que pasar\u00e1n a revistar como efectivos en sus puestos, la mandataria debi\u00f3 representar a la ciudad en la visita que la embajadora de Vietnam concret\u00f3 a Reconquista.<\/p>\n<p>A pesar de estar justificada, su ausencia no cay\u00f3 del todo bien en los delegados gremiales que se enteraron una vez que llegaron a la sede municipal.<\/p>\n<p>&#8220;Tenemos que decir que realmente una sorpresa no es, no es la primera vez que nos pasa, digamos. Pero, bueno, la sensaci\u00f3n es como que no les interesa, o no s\u00e9. Bueno, nuestro camino va a ser hoy reunirnos con las bases, ver qu\u00e9 decisi\u00f3n se toma y c\u00f3mo seguir con este tema&#8221;, lamentaron los sindicalistas en di\u00e1logo con <strong>InfoVera<\/strong>.<\/p>\n<p>Sin embargo, confiaron que &#8220;hoy nos pasaron una nota avis\u00e1ndonos, medio tarde, que de parte de ellos decidieron correr la fecha para el pr\u00f3ximo jueves&#8221;.<\/p>\n<p>Con fecha de ayer, en la misiva que el SITRAM recibi\u00f3 hoy firmada por la intendente Mitre, se propone correr la reuni\u00f3n para el jueves 28 a las 18 en la casa municipal ya que la misma por motivo de &#8220;gestiones no reprogramables&#8221; no hay podido desarrollarse.<\/p>\n<p>&#8220;Es nuestra voluntad avanzar mediante el di\u00e1logo con los acuerdos necesarios para los trabajadores municipales que d\u00eda a d\u00eda prestan su servicio hacia la comunidad verense&#8221;, reza el texto de la nota.<\/p>\n<p><strong>Acta<\/strong><\/p>\n<p>En febrero pasado y mediante acta, las partes hab\u00edan acordad el pase a planta permanente de 25 trabajadores, de los cuales, 5 se realizar\u00edan en el mes de octubre de 2024 y antes de que finalice el a\u00f1o se sumar\u00edan 20 m\u00e1s.<\/p>\n","protected":false},"excerpt":{"rendered":"<p>El encuentro entre el Ejecutivo verense y el Sindicato de Trabajadores Municipales estaba prevista para el jueves 21, pero la intendente Paula Mitre no pudo asistir debido a la superposici\u00f3n de actividades en su agenda diaria. Es que justo cuando deb\u00eda realizarse el c\u00f3nclave para avanzar en con estabilidad laboral de los empleados contratados que [&hellip;]<\/p>\n","protected":false},"author":3,"featured_media":0,"comment_status":"closed","ping_status":"closed","sticky":false,"template":"","format":"standard","meta":{"_joinchat":[],"footnotes":""},"categories":[53],"tags":[],"class_list":{"0":"post-57344","1":"post","2":"type-post","3":"status-publish","4":"format-standard","6":"category-vera"},"_links":{"self":[{"href":"https:\/\/infovera.com.ar\/web\/wp-json\/wp\/v2\/posts\/57344","targetHints":{"allow":["GET"]}}],"collection":[{"href":"https:\/\/infovera.com.ar\/web\/wp-json\/wp\/v2\/posts"}],"about":[{"href":"https:\/\/infovera.com.ar\/web\/wp-json\/wp\/v2\/types\/post"}],"author":[{"embeddable":true,"href":"https:\/\/infovera.com.ar\/web\/wp-json\/wp\/v2\/users\/3"}],"replies":[{"embeddable":true,"href":"https:\/\/infovera.com.ar\/web\/wp-json\/wp\/v2\/comments?post=57344"}],"version-history":[{"count":0,"href":"https:\/\/infovera.com.ar\/web\/wp-json\/wp\/v2\/posts\/57344\/revisions"}],"wp:attachment":[{"href":"https:\/\/infovera.com.ar\/web\/wp-json\/wp\/v2\/media?parent=57344"}],"wp:term":[{"taxonomy":"category","embeddable":true,"href":"https:\/\/infovera.com.ar\/web\/wp-json\/wp\/v2\/categories?post=57344"},{"taxonomy":"post_tag","embeddable":true,"href":"https:\/\/infovera.com.ar\/web\/wp-json\/wp\/v2\/tags?post=57344"}],"curies":[{"name":"wp","href":"https:\/\/api.w.org\/{rel}","templated":true}]}}