{"id":57320,"date":"2024-11-22T14:11:00","date_gmt":"2024-11-22T17:11:00","guid":{"rendered":"https:\/\/infovera.com.ar\/web\/?p=57320"},"modified":"2024-11-22T17:33:44","modified_gmt":"2024-11-22T20:33:44","slug":"muerte-dudosa-fiscalia-investiga-el-deceso-de-un-joven-que-estuvo-tres-dias-descompuesto","status":"publish","type":"post","link":"https:\/\/infovera.com.ar\/web\/2024\/11\/22\/muerte-dudosa-fiscalia-investiga-el-deceso-de-un-joven-que-estuvo-tres-dias-descompuesto\/","title":{"rendered":"Muerte dudosa: fiscal\u00eda investiga el deceso de un joven que estuvo tres d\u00edas descompuesto, pero lo mandaban a la casa"},"content":{"rendered":"<p>Wilson Aguirre, de 17 a\u00f1os, muri\u00f3 despu\u00e9s de estar tres d\u00edas descompuesto. La fiscal\u00eda orden\u00f3 la autopsia.<\/p>\n<p>El calvario que termin\u00f3 con su vida comenz\u00f3 en la madrugada del 14 de noviembre para Wilson Aguirre, de 17 a\u00f1os.<\/p>\n<p>Ese d\u00eda, su padre Osvaldo lo traslad\u00f3 desde la casa donde reside la familia en el Loteo 100 Viviendas de Reconquista hasta el Hospital Central a causa de una dolencia f\u00edsica que le imped\u00eda estar bien.<\/p>\n<p>Al arribar el nosocomio norte\u00f1o, este joven con una discapacidad que no le permit\u00eda moverse ni expresarse fue atendido por un m\u00e9dico de turno que lo medic\u00f3 y le recet\u00f3 que varios estudios que deb\u00eda realizarse de manera particular.<\/p>\n<p>Pero las horas pasaron y Wilson no experimentaba mejor\u00eda en su cuadro de salud, por lo cual otra vez su padre lo llev\u00f3 al efector p\u00fablico el 12 de este mes. Otro m\u00e9dico lo revis\u00f3 y le administr\u00f3 un inyectable, para luego enviarlo de regreso a su vivienda.<\/p>\n<p>M\u00e1s de 8 horas despu\u00e9s y tras haber realizado una ecograf\u00eda en un sanatorio privado, ambos volvieron a presentarse en el HCR, con el estudio. El mi\u00e9rcoles 13 fue recibido por personal m\u00e9dico que al analizar el examen dispuso el ingreso de urgencia en una sala de internaci\u00f3n intensiva debido a \u201cun cuadro delicado en su salud con fallas en sus ri\u00f1ones, pulmones y l\u00edquido en su est\u00f3mago\u201d, seg\u00fan obra en la denuncia radicada por el Osvaldo Aguirre, progenitor de la v\u00edctima. Finalmente, en esa jornada sobrevino su deceso.<\/p>\n<p>El fiscal de turno, Leandro Benegas (integrante de la Unidad Fiscal Vera), orden\u00f3 la autopsia y caratul\u00f3 la causa como \u201cmuerte dudosa\u201d, al tiempo que dispuso la entrega del cuerpo del fallecido a su familia para su velatorio e inhumaci\u00f3n. La investigaci\u00f3n pas\u00f3 este mi\u00e9rcoles a la \u00f3rbita Unidad Fiscal Reconquista.<\/p>\n<p>Fuentes del caso, confiaron a este medio que en la pericia forense no se pudo determinar la causa de muerte y que se enviar\u00e1n muestras a otro laboratorio para tratar de lograr mayor detalle cient\u00edfico.<\/p>\n<p><strong>Gravedad<\/strong><\/p>\n<p>El Dr. Maximiliano Luna, patrocinante legal de la familia, reconstuy\u00f3 que \u201ccuando ingresa con el menor, en el primer ingreso, presentaba un dolor abdominal, un dolor en la zona del est\u00f3mago, que seg\u00fan ellos me dicen, al parparle el est\u00f3mago ve\u00edan que le dol\u00eda y conoci\u00e9ndolo a su hijo, que no es una cuesti\u00f3n menor, que ten\u00eda un retraso madurativo, que estaba en silla de ruedas y que no se pod\u00eda expresar con mayor claridad, interpretaron que le estaba pasando algo que no era usual, que no era normal y que para ellos ten\u00eda cierta gravedad\u201d.<\/p>\n<p>El profesional agreg\u00f3 que \u201ccuando ellos se dirigen a la guardia del Hospital, son atendidos por una profesional, que les sugiere que haga una serie de estudios cl\u00ednicos. En ese momento les da por escrito un pedido m\u00e9dico con un diagn\u00f3stico que establec\u00eda dolor abdominal\u201d.<\/p>\n<p>\u201cDentro de lo que fue esa primera visita m\u00e9dica, se le ordena bajo receta un jarabe, un jarabe de lo cual familiares me pasaron fotos y dec\u00edan que era un medicamento que se vend\u00eda bajo receta m\u00e9dica. Una de las cuestiones que entiendo yo tiene que tambi\u00e9n establecerse y analizarse desde ese punto es si, ese medicamento ten\u00eda contraindicaciones o advertencias espec\u00edficas\u201d, prosigui\u00f3.<\/p>\n<p><strong>L\u00edquido marr\u00f3n<\/strong><\/p>\n<p>La cuesti\u00f3n, dijo el abogado que confirm\u00f3 la denuncia por supuesta mala praxis,, \u201ces que, como bien lo relat\u00f3 el padre, regresaron a la casa con ese medicamento y volvieron a ingresar pr\u00e1cticamente antes que termine el d\u00eda nuevamente a la guardia, obtuvieron una consulta de similares caracter\u00edsticas donde les sugirieron otra vez que vaya a hacer los estudios y que venga con los estudios&#8221;. &#8220;En ese momento regresan -rese\u00f1\u00f3-, otra vez no le hicieron ni placa, ni ecograf\u00eda, ni estudios preliminares y ya con el correr del d\u00eda, despu\u00e9s de esa segunda consulta, ven que el cuadro sigue empeorando. Si mal no recuerdo, la familia me dijo que ya empez\u00f3 a vomitar un l\u00edquido marr\u00f3n y ah\u00ed es donde deciden de manera inmediata ir al sanatorio privado, no es cuesti\u00f3n menor por ah\u00ed los recursos para estas familias\u201d.<\/p>\n<p>En ese centro, &#8220;el ecografista les dijo que ten\u00eda que ir a internaci\u00f3n. Salen de ah\u00ed, se dirigen al Hospital y ya al ingresarl notan un cambio dr\u00e1stico en la situaci\u00f3n, porque ya lo estaban esperando una serie de profesionales y a partir de ese momento el ni\u00f1o ingres\u00f3 a terapia. Con posterioridad hubo una intervenci\u00f3n quir\u00fargica por ves\u00edcula. Luego se produjo el deceso\u201d.<\/p>\n","protected":false},"excerpt":{"rendered":"<p>Wilson Aguirre, de 17 a\u00f1os, muri\u00f3 despu\u00e9s de estar tres d\u00edas descompuesto. La fiscal\u00eda orden\u00f3 la autopsia. El calvario que termin\u00f3 con su vida comenz\u00f3 en la madrugada del 14 de noviembre para Wilson Aguirre, de 17 a\u00f1os. Ese d\u00eda, su padre Osvaldo lo traslad\u00f3 desde la casa donde reside la familia en el Loteo [&hellip;]<\/p>\n","protected":false},"author":3,"featured_media":4850,"comment_status":"closed","ping_status":"closed","sticky":false,"template":"","format":"standard","meta":{"_joinchat":[],"footnotes":""},"categories":[30,55,61],"tags":[],"class_list":{"0":"post-57320","1":"post","2":"type-post","3":"status-publish","4":"format-standard","5":"has-post-thumbnail","7":"category-policiales","8":"category-reconquista","9":"category-regionales"},"_links":{"self":[{"href":"https:\/\/infovera.com.ar\/web\/wp-json\/wp\/v2\/posts\/57320","targetHints":{"allow":["GET"]}}],"collection":[{"href":"https:\/\/infovera.com.ar\/web\/wp-json\/wp\/v2\/posts"}],"about":[{"href":"https:\/\/infovera.com.ar\/web\/wp-json\/wp\/v2\/types\/post"}],"author":[{"embeddable":true,"href":"https:\/\/infovera.com.ar\/web\/wp-json\/wp\/v2\/users\/3"}],"replies":[{"embeddable":true,"href":"https:\/\/infovera.com.ar\/web\/wp-json\/wp\/v2\/comments?post=57320"}],"version-history":[{"count":0,"href":"https:\/\/infovera.com.ar\/web\/wp-json\/wp\/v2\/posts\/57320\/revisions"}],"wp:featuredmedia":[{"embeddable":true,"href":"https:\/\/infovera.com.ar\/web\/wp-json\/wp\/v2\/media\/4850"}],"wp:attachment":[{"href":"https:\/\/infovera.com.ar\/web\/wp-json\/wp\/v2\/media?parent=57320"}],"wp:term":[{"taxonomy":"category","embeddable":true,"href":"https:\/\/infovera.com.ar\/web\/wp-json\/wp\/v2\/categories?post=57320"},{"taxonomy":"post_tag","embeddable":true,"href":"https:\/\/infovera.com.ar\/web\/wp-json\/wp\/v2\/tags?post=57320"}],"curies":[{"name":"wp","href":"https:\/\/api.w.org\/{rel}","templated":true}]}}