{"id":57249,"date":"2024-11-20T13:51:13","date_gmt":"2024-11-20T16:51:13","guid":{"rendered":"https:\/\/infovera.com.ar\/web\/?p=57249"},"modified":"2024-11-20T13:51:13","modified_gmt":"2024-11-20T16:51:13","slug":"los-convenios-que-reforzaron-la-digitalizacion-en-el-poder-judicial-de-santa-fe","status":"publish","type":"post","link":"https:\/\/infovera.com.ar\/web\/2024\/11\/20\/los-convenios-que-reforzaron-la-digitalizacion-en-el-poder-judicial-de-santa-fe\/","title":{"rendered":"Los convenios que reforzaron la digitalizaci\u00f3n en el Poder Judicial de Santa Fe"},"content":{"rendered":"<p>En un esfuerzo continuo por alcanzar los objetivos del proyecto de \u201cDigitalizaci\u00f3n<br \/>\nIntegral del Poder Judicial\u201d comunicado d\u00edas atr\u00e1s, el m\u00e1ximo \u00f3rgano de Justicia de la<br \/>\nprovincia firmo m\u00faltiples convenios con organismos p\u00fablicos y privados de Santa Fe.<br \/>\nEstos logros han sido clave para alcanzar el 100 % de la digitalizaci\u00f3n de tramites<br \/>\njudiciales en todos los juzgados y fueros de Derecho Privado.<\/p>\n<p>Durante los \u00faltimos anos, el Poder Judicial de Santa Fe ha concretado m\u00e1s de 30<br \/>\nconvenios de colaboraci\u00f3n institucional estrat\u00e9gica. Estos acuerdos, firmados con<br \/>\norganismos p\u00fablicos y privados, han permitido que, los distintos \u00f3rganos<br \/>\njurisdiccionales y profesionales, incluyendo abogados, contadores y peritos<br \/>\nespecializados y de las m\u00e1s variadas disciplinas de la ciencia, operen de manera<br \/>\ncompletamente digital los expedientes judiciales.<\/p>\n<p>Este avance garantiza un acceso seguro y agiliza la gesti\u00f3n profesional y el tr\u00e1mite<br \/>\ngeneral de los expedientes digitales.<\/p>\n<p>As\u00ed, abogados y profesionales de diversas disciplinas, tales como Ingenieros, Psic\u00f3logos, M\u00e9dicos, Cal\u00edgrafos, Escribanos, Arquitectos, Mandatarios, Odont\u00f3logos, Trabajadores Sociales, Corredores Inmobiliarios, Maestros Mayores de Obras, etc., pueden acceder al \u201cSistema de Autoconsulta de Expedientes\u201d habilitado por el Poder Judicial.<\/p>\n<p>Mediante un Co digo de Seguridad \u00danico -CUIJ-, estos profesionales pueden consultar e interactuar en todos los expedientes en los que intervienen.<\/p>\n<p>Los convenios firmados con los respectivos Colegios Profesionales aseguran que estos<br \/>\norganismos entreguen los codigos de acceso a sus matriculados y proporcionen los<br \/>\ndatos e informaci\u00f3n requerida por la Secretar\u00eda de Informa tica del Poder Judicial.<\/p>\n<p>Asimismo, profesionales involucrados en causas en las que participan el Poder Ejecutivo, la Defensor\u00eda de Nin as, Ni\u00f1os y Adolescentes de la Provincia de Santa Fe, y entidades bancarias como el Nuevo Banco de Santa Fe S.A, el Banco Hipotecario S.A., Banco Credicoop Coop. Ltda., Banco Macro S.A., Banco BBVA, etc., operan bajo esta misma modalidad, garantizando un sistema de intervenci\u00f3n \u00e1gil y eficiente.<\/p>\n<p>Notificaciones<\/p>\n<p>En reconocimiento a los altos est\u00e1ndares de seguridad y validez jur\u00eddica sostenidos por<br \/>\nla Oficina de Mandamientos y Notificaciones del Poder Judicial de Santa Fe, m\u00faltiples<br \/>\norganismos han firmado convenios destinados a coordinar acciones que permitan la<br \/>\nmaterializaci\u00f3n de notificaciones con constancia fehaciente de recepci\u00f3n.<\/p>\n<p>Solamente durante el a\u00f1o 2023, se realizaron 206.058 interacciones con la plataforma de<br \/>\nAutoconsulta Online desde el exterior, de profesionales y usuarios que a ese momento se<br \/>\nencontraban fuera del territorio argentino. Estas consultas fueron hechas principalmente de los siguientes pa\u00edses: Francia, Espa\u00f1a, Brasil, EE.UU, Italia, Uruguay, M\u00e9xico, Alemania, Chile, Rep\u00fablica Dominicana, Cuba, Colombia y Portugal.<\/p>\n<p>Estas notificaciones, relacionadas con comunicaciones dirigidas a terceros, son<br \/>\nenviadas a trav\u00e9s de las Oficinas de Mandamientos y Notificaciones de los Tribunales de<br \/>\nla Provincia de Santa Fe.<\/p>\n<p>La Justicia de Santa Fe contin\u00faa innovando y avanzando hacia un futuro digital,<br \/>\ninvitando a todos los profesionales del derecho y ciudadanos a familiarizarse con estas<br \/>\nnuevas herramientas y a aprovechar las ventajas que esta transformaci\u00f3n tecnol\u00f3gica<br \/>\nofrece.<\/p>\n","protected":false},"excerpt":{"rendered":"<p>En un esfuerzo continuo por alcanzar los objetivos del proyecto de \u201cDigitalizaci\u00f3n Integral del Poder Judicial\u201d comunicado d\u00edas atr\u00e1s, el m\u00e1ximo \u00f3rgano de Justicia de la provincia firmo m\u00faltiples convenios con organismos p\u00fablicos y privados de Santa Fe. Estos logros han sido clave para alcanzar el 100 % de la digitalizaci\u00f3n de tramites judiciales en [&hellip;]<\/p>\n","protected":false},"author":3,"featured_media":57250,"comment_status":"closed","ping_status":"closed","sticky":false,"template":"","format":"standard","meta":{"_joinchat":[],"footnotes":""},"categories":[60],"tags":[],"class_list":{"0":"post-57249","1":"post","2":"type-post","3":"status-publish","4":"format-standard","5":"has-post-thumbnail","7":"category-provinciales"},"_links":{"self":[{"href":"https:\/\/infovera.com.ar\/web\/wp-json\/wp\/v2\/posts\/57249","targetHints":{"allow":["GET"]}}],"collection":[{"href":"https:\/\/infovera.com.ar\/web\/wp-json\/wp\/v2\/posts"}],"about":[{"href":"https:\/\/infovera.com.ar\/web\/wp-json\/wp\/v2\/types\/post"}],"author":[{"embeddable":true,"href":"https:\/\/infovera.com.ar\/web\/wp-json\/wp\/v2\/users\/3"}],"replies":[{"embeddable":true,"href":"https:\/\/infovera.com.ar\/web\/wp-json\/wp\/v2\/comments?post=57249"}],"version-history":[{"count":0,"href":"https:\/\/infovera.com.ar\/web\/wp-json\/wp\/v2\/posts\/57249\/revisions"}],"wp:featuredmedia":[{"embeddable":true,"href":"https:\/\/infovera.com.ar\/web\/wp-json\/wp\/v2\/media\/57250"}],"wp:attachment":[{"href":"https:\/\/infovera.com.ar\/web\/wp-json\/wp\/v2\/media?parent=57249"}],"wp:term":[{"taxonomy":"category","embeddable":true,"href":"https:\/\/infovera.com.ar\/web\/wp-json\/wp\/v2\/categories?post=57249"},{"taxonomy":"post_tag","embeddable":true,"href":"https:\/\/infovera.com.ar\/web\/wp-json\/wp\/v2\/tags?post=57249"}],"curies":[{"name":"wp","href":"https:\/\/api.w.org\/{rel}","templated":true}]}}