{"id":57229,"date":"2024-11-20T11:57:36","date_gmt":"2024-11-20T14:57:36","guid":{"rendered":"https:\/\/infovera.com.ar\/web\/?p=57229"},"modified":"2024-11-21T11:11:09","modified_gmt":"2024-11-21T14:11:09","slug":"capacitacion-para-el-personal-de-la-ur-xix","status":"publish","type":"post","link":"https:\/\/infovera.com.ar\/web\/2024\/11\/20\/capacitacion-para-el-personal-de-la-ur-xix\/","title":{"rendered":"Capacitaci\u00f3n para el personal de la UR XIX"},"content":{"rendered":"<p>En la ma\u00f1ana de hoy, se llev\u00f3 a cabo en las instalaciones del sal\u00f3n del Camping Judicial Vera una Jornada de Capacitaci\u00f3n sobre R\u00e9gimen Disciplinario Policial.<\/p>\n<p>La misma fue dictada por el jefe de Asesor\u00eda Letrada de la UR XVI Dpto. San Justo Dr. Gast\u00f3n Emanuel Anaya y el Dr. Guillermo Bernardo Jossen, subjefe de Asesor\u00eda Letrada UR I. Dpto. La Capital.<\/p>\n<p>La jornada fue organizada y convocada por la Jefatura de la UR XIX y avalada por el Instituto de Seguridad P\u00fablica (ISEP).<\/p>\n<p>El curso estuvo dirigido a todo personal policial sin distinci\u00f3n de jerarqu\u00eda a los fines de adquirir y adecuar conocimientos fundamentales para el desarrollo de sus funciones.<\/p>\n<p><a href=\"https:\/\/infovera.com.ar\/web\/wp-content\/uploads\/2024\/11\/CAA-1.jpg\"><img loading=\"lazy\" decoding=\"async\" class=\"alignleft size-full wp-image-57231\" src=\"https:\/\/infovera.com.ar\/web\/wp-content\/uploads\/2024\/11\/CAA-1.jpg\" alt=\"\" width=\"1600\" height=\"720\" srcset=\"https:\/\/infovera.com.ar\/web\/wp-content\/uploads\/2024\/11\/CAA-1.jpg 1600w, https:\/\/infovera.com.ar\/web\/wp-content\/uploads\/2024\/11\/CAA-1-696x313.jpg 696w, https:\/\/infovera.com.ar\/web\/wp-content\/uploads\/2024\/11\/CAA-1-1068x481.jpg 1068w, https:\/\/infovera.com.ar\/web\/wp-content\/uploads\/2024\/11\/CAA-1-933x420.jpg 933w\" sizes=\"auto, (max-width: 1600px) 100vw, 1600px\" \/><\/a><\/p>\n","protected":false},"excerpt":{"rendered":"<p>En la ma\u00f1ana de hoy, se llev\u00f3 a cabo en las instalaciones del sal\u00f3n del Camping Judicial Vera una Jornada de Capacitaci\u00f3n sobre R\u00e9gimen Disciplinario Policial. La misma fue dictada por el jefe de Asesor\u00eda Letrada de la UR XVI Dpto. San Justo Dr. Gast\u00f3n Emanuel Anaya y el Dr. Guillermo Bernardo Jossen, subjefe de [&hellip;]<\/p>\n","protected":false},"author":3,"featured_media":57230,"comment_status":"closed","ping_status":"closed","sticky":false,"template":"","format":"standard","meta":{"_joinchat":[],"footnotes":""},"categories":[53],"tags":[],"class_list":{"0":"post-57229","1":"post","2":"type-post","3":"status-publish","4":"format-standard","5":"has-post-thumbnail","7":"category-vera"},"_links":{"self":[{"href":"https:\/\/infovera.com.ar\/web\/wp-json\/wp\/v2\/posts\/57229","targetHints":{"allow":["GET"]}}],"collection":[{"href":"https:\/\/infovera.com.ar\/web\/wp-json\/wp\/v2\/posts"}],"about":[{"href":"https:\/\/infovera.com.ar\/web\/wp-json\/wp\/v2\/types\/post"}],"author":[{"embeddable":true,"href":"https:\/\/infovera.com.ar\/web\/wp-json\/wp\/v2\/users\/3"}],"replies":[{"embeddable":true,"href":"https:\/\/infovera.com.ar\/web\/wp-json\/wp\/v2\/comments?post=57229"}],"version-history":[{"count":0,"href":"https:\/\/infovera.com.ar\/web\/wp-json\/wp\/v2\/posts\/57229\/revisions"}],"wp:featuredmedia":[{"embeddable":true,"href":"https:\/\/infovera.com.ar\/web\/wp-json\/wp\/v2\/media\/57230"}],"wp:attachment":[{"href":"https:\/\/infovera.com.ar\/web\/wp-json\/wp\/v2\/media?parent=57229"}],"wp:term":[{"taxonomy":"category","embeddable":true,"href":"https:\/\/infovera.com.ar\/web\/wp-json\/wp\/v2\/categories?post=57229"},{"taxonomy":"post_tag","embeddable":true,"href":"https:\/\/infovera.com.ar\/web\/wp-json\/wp\/v2\/tags?post=57229"}],"curies":[{"name":"wp","href":"https:\/\/api.w.org\/{rel}","templated":true}]}}