{"id":57219,"date":"2024-11-19T18:49:44","date_gmt":"2024-11-19T21:49:44","guid":{"rendered":"https:\/\/infovera.com.ar\/web\/?p=57219"},"modified":"2024-11-19T18:49:44","modified_gmt":"2024-11-19T21:49:44","slug":"mas-de-8-000-docentes-participaron-de-las-capacitaciones-de-la-red-de-comunidades-de-aprendizajes","status":"publish","type":"post","link":"https:\/\/infovera.com.ar\/web\/2024\/11\/19\/mas-de-8-000-docentes-participaron-de-las-capacitaciones-de-la-red-de-comunidades-de-aprendizajes\/","title":{"rendered":"M\u00e1s de 8.000 docentes participaron de las capacitaciones de la Red de Comunidades de Aprendizajes"},"content":{"rendered":"<p>Forman parte de 2.300 escuelas, cuyo objetivo fue fortalecer la metodolog\u00eda de Aprendizaje Basado en Proyectos y promover proyectos interdisciplinarios, situados y con el protagonismo de estudiantes.<\/p>\n<p>El Gobierno de la Provincia de Santa Fe, a trav\u00e9s del Ministerio de Educaci\u00f3n, finaliz\u00f3 los encuentros de formaci\u00f3n denominados \u201cProyectos en Comunidad\u201d y \u201cAprendizajes Basados en Proyectos\u201d.<\/p>\n<p>Las propuestas se desarrollaron en encuentros presenciales y virtuales en las localidades de Rosario, Santa Fe, Reconquista y Avellaneda. Participaron m\u00e1s de 8.000 docentes y equipos directivos de 2.300 escuelas de toda la provincia.<\/p>\n<p>Las rondas de capacitaciones se realizaron en el marco de la Red de Comunidades de Aprendizajes y tuvieron como objetivo fortalecer la metodolog\u00eda de Aprendizaje Basado en Proyectos, y promover proyectos interdisciplinarios, situados y con el protagonismo de estudiantes.<\/p>\n<p>Cabe se\u00f1alar que las \u00faltimas capacitaciones fueron las de \u201cProyectos en Comunidad\u201d y tuvieron lugar el martes 12 de noviembre en Rosario, el mi\u00e9rcoles 13 en Santa Fe y el jueves 14 en Reconquista. El dictado estuvo a cargo de la Fundaci\u00f3n Varkey, una de las organizaciones aliadas de la Red de Comunidades de Aprendizajes.<\/p>\n<p>Modos de habitar la escuela, aprender y ense\u00f1ar<\/p>\n<p>Al respecto, la secretaria de Educaci\u00f3n, Carolina Piedrabuena, indic\u00f3 que \u201cla formaci\u00f3n en la metodolog\u00eda de Aprendizaje Basado en Proyectos es el coraz\u00f3n de esta pol\u00edtica educativa santafesina que proponemos a trav\u00e9s de la Red de Comunidades de Aprendizajes\u201d. En esta l\u00ednea, asegur\u00f3 que \u201ctodo el equipo del Ministerio est\u00e1 muy satisfecho al ver que las escuelas e institutos trabajan en proyectos situados e integrados, con una participaci\u00f3n muy activa de los estudiantes. Los proyectos surgieron de las inquietudes de estudiantes y docentes, y definen el modo de habitar la escuela, de aprender y ense\u00f1ar\u201d.<\/p>\n<p>Finalmente, Piedrabuena inform\u00f3 que \u201cm\u00e1s de 8.000 docentes participaron de estas propuestas y 2.300 escuelas son las que presentaron y trabajaron en propuestas. En estas semanas las escuelas est\u00e1n mostrando sus proyectos a las familias y nos comparten con orgullo c\u00f3mo se han apropiado de esta manera de ense\u00f1ar y aprender, lo que nos alienta a redoblar esfuerzo para el 2025\u201d.<\/p>\n<p>Por su parte, la directora de la Fundaci\u00f3n Varkey, Laura Boggio, destac\u00f3 que \u201cfue sumamente significativo poder trabajar en conjunto y enriquecerse con lo que el otro pod\u00eda aportar. La idea es poder darles las herramientas para que finalizado este encuentro puedan llevar a sus escuelas y poner en pr\u00e1ctica todo lo que trabajaron en este periodo\u201d.<\/p>\n","protected":false},"excerpt":{"rendered":"<p>Forman parte de 2.300 escuelas, cuyo objetivo fue fortalecer la metodolog\u00eda de Aprendizaje Basado en Proyectos y promover proyectos interdisciplinarios, situados y con el protagonismo de estudiantes. El Gobierno de la Provincia de Santa Fe, a trav\u00e9s del Ministerio de Educaci\u00f3n, finaliz\u00f3 los encuentros de formaci\u00f3n denominados \u201cProyectos en Comunidad\u201d y \u201cAprendizajes Basados en Proyectos\u201d. [&hellip;]<\/p>\n","protected":false},"author":3,"featured_media":57220,"comment_status":"closed","ping_status":"closed","sticky":false,"template":"","format":"standard","meta":{"_joinchat":[],"footnotes":""},"categories":[39,60,36],"tags":[],"class_list":{"0":"post-57219","1":"post","2":"type-post","3":"status-publish","4":"format-standard","5":"has-post-thumbnail","7":"category-educacion","8":"category-provinciales","9":"category-sociedad"},"_links":{"self":[{"href":"https:\/\/infovera.com.ar\/web\/wp-json\/wp\/v2\/posts\/57219","targetHints":{"allow":["GET"]}}],"collection":[{"href":"https:\/\/infovera.com.ar\/web\/wp-json\/wp\/v2\/posts"}],"about":[{"href":"https:\/\/infovera.com.ar\/web\/wp-json\/wp\/v2\/types\/post"}],"author":[{"embeddable":true,"href":"https:\/\/infovera.com.ar\/web\/wp-json\/wp\/v2\/users\/3"}],"replies":[{"embeddable":true,"href":"https:\/\/infovera.com.ar\/web\/wp-json\/wp\/v2\/comments?post=57219"}],"version-history":[{"count":0,"href":"https:\/\/infovera.com.ar\/web\/wp-json\/wp\/v2\/posts\/57219\/revisions"}],"wp:featuredmedia":[{"embeddable":true,"href":"https:\/\/infovera.com.ar\/web\/wp-json\/wp\/v2\/media\/57220"}],"wp:attachment":[{"href":"https:\/\/infovera.com.ar\/web\/wp-json\/wp\/v2\/media?parent=57219"}],"wp:term":[{"taxonomy":"category","embeddable":true,"href":"https:\/\/infovera.com.ar\/web\/wp-json\/wp\/v2\/categories?post=57219"},{"taxonomy":"post_tag","embeddable":true,"href":"https:\/\/infovera.com.ar\/web\/wp-json\/wp\/v2\/tags?post=57219"}],"curies":[{"name":"wp","href":"https:\/\/api.w.org\/{rel}","templated":true}]}}